{"id":264149,"date":"2022-06-12T14:07:19","date_gmt":"2022-06-12T12:07:19","guid":{"rendered":"https:\/\/zjarr.tv\/?p=264149"},"modified":"2022-06-12T14:07:19","modified_gmt":"2022-06-12T12:07:19","slug":"edi-rama-ambientet-e-reja-te-koksh-do-nisim-kampionatet-ne-shkolle-nje-femijeri-pa-sport-eshte-nje-femijeri-e-cenuar","status":"publish","type":"post","link":"https:\/\/zjarr.tv\/en\/edi-rama-ambientet-e-reja-te-koksh-do-nisim-kampionatet-ne-shkolle-nje-femijeri-pa-sport-eshte-nje-femijeri-e-cenuar\/","title":{"rendered":"Edi Rama: Ambientet e reja t\u00eb KOKSH, do nisim kampionatet n\u00eb shkoll\u00eb, nj\u00eb f\u00ebmij\u00ebri pa sport, \u00ebsht\u00eb nj\u00eb f\u00ebmij\u00ebri e cenuar"},"content":{"rendered":"<p>Kryeministri Edi Rama, s\u00eb bashku me Presidentin e Komitetit Olimpik Nd\u00ebrkomb\u00ebtar (IOC), Thomas Bach dhe Fidel Yllin, presidentin e Komitetit Olimpik Komb\u00ebtar Shqiptar, kan\u00eb inauguruar ambientet e reja t\u00eb KOKSH n\u00eb Tiran\u00eb.<\/p>\n<p>N\u00eb fjal\u00ebn e tij, Rama tha se duhen krijuar skuadra t\u00eb sportit n\u00eb \u00e7do shkoll\u00eb dhe nisjen e kampionateve dhe k\u00ebshtu n\u00eb k\u00ebt\u00eb m\u00ebnyr\u00eb t\u00eb rinjt\u00eb t\u00eb largohen nga teknologjia dhe t\u00eb afrohen m\u00eb shum\u00eb me sportin.<\/p>\n<p>\u201c\u00cbsht\u00eb privilegj p\u00ebr ne q\u00eb sot kemi t\u00eb pranish\u00ebm presidentin e Komitetit Olimpik Nd\u00ebrkomb\u00ebtar. \u00cbsht\u00eb nj\u00eb vizit\u00eb e nj\u00eb r\u00ebnd\u00ebsie t\u00eb jasht\u00ebzakonshme. Na vjen mir\u00eb q\u00eb sot ndam\u00eb me presidentin disa rezultate t\u00eb para t\u00eb procesit t\u00eb rithemelimit t\u00eb l\u00ebvizjes olimpike n\u00eb shkolla. Do vazhdojm\u00eb t\u00eb hedhim hapa t\u00eb tjer\u00eb q\u00eb n\u00eb t\u00eb gjitha shkollat e vendit t\u00eb kemi skuadra dhe t\u00eb kemi kampionate sportive n\u00eb shkolla.<\/p>\n<p>Edhe t\u00eb kemi nga kjo l\u00ebvizje sportist\u00eb q\u00eb t\u00eb ngjiten n\u00eb shkall\u00eb t\u00eb tjera dhe t\u00eb shkojn\u00eb deri n\u00eb olimpiad\u00eb. E r\u00ebnd\u00ebsishme \u00ebsht\u00eb ta kemi k\u00ebt\u00eb l\u00ebvizje sportive p\u00ebr t\u2019i dh\u00ebn\u00eb f\u00ebmij\u00ebve mund\u00ebsin\u00eb t\u00eb shk\u00ebputen nga bota e kompjuter\u00ebve. Jet\u00eb pa sportin dhe nj\u00eb f\u00ebmij\u00ebri pa sportin \u00ebsht\u00eb f\u00ebmij\u00ebri e cenuar\u201d, tha Rama.<\/p>","protected":false},"excerpt":{"rendered":"<p>Kryeministri Edi Rama, s\u00eb bashku me Presidentin e Komitetit Olimpik Nd\u00ebrkomb\u00ebtar (IOC), Thomas Bach dhe Fidel Yllin, presidentin e Komitetit Olimpik Komb\u00ebtar Shqiptar, kan\u00eb inauguruar ambientet e reja t\u00eb KOKSH n\u00eb Tiran\u00eb. N\u00eb fjal\u00ebn e tij, Rama tha se duhen krijuar skuadra t\u00eb sportit n\u00eb \u00e7do shkoll\u00eb dhe nisjen e kampionateve dhe k\u00ebshtu n\u00eb k\u00ebt\u00eb [&hellip;]<\/p>\n","protected":false},"author":2020,"featured_media":187644,"comment_status":"closed","ping_status":"closed","sticky":false,"template":"","format":"standard","meta":{"footnotes":""},"categories":[241,5380,231],"tags":[],"class_list":{"0":"post-264149","1":"post","2":"type-post","3":"status-publish","4":"format-standard","5":"has-post-thumbnail","7":"category-aktualitet","8":"category-kryesore","9":"category-lajme"},"_links":{"self":[{"href":"https:\/\/zjarr.tv\/en\/wp-json\/wp\/v2\/posts\/264149","targetHints":{"allow":["GET"]}}],"collection":[{"href":"https:\/\/zjarr.tv\/en\/wp-json\/wp\/v2\/posts"}],"about":[{"href":"https:\/\/zjarr.tv\/en\/wp-json\/wp\/v2\/types\/post"}],"author":[{"embeddable":true,"href":"https:\/\/zjarr.tv\/en\/wp-json\/wp\/v2\/users\/2020"}],"replies":[{"embeddable":true,"href":"https:\/\/zjarr.tv\/en\/wp-json\/wp\/v2\/comments?post=264149"}],"version-history":[{"count":0,"href":"https:\/\/zjarr.tv\/en\/wp-json\/wp\/v2\/posts\/264149\/revisions"}],"wp:featuredmedia":[{"embeddable":true,"href":"https:\/\/zjarr.tv\/en\/wp-json\/wp\/v2\/media\/187644"}],"wp:attachment":[{"href":"https:\/\/zjarr.tv\/en\/wp-json\/wp\/v2\/media?parent=264149"}],"wp:term":[{"taxonomy":"category","embeddable":true,"href":"https:\/\/zjarr.tv\/en\/wp-json\/wp\/v2\/categories?post=264149"},{"taxonomy":"post_tag","embeddable":true,"href":"https:\/\/zjarr.tv\/en\/wp-json\/wp\/v2\/tags?post=264149"}],"curies":[{"name":"wp","href":"https:\/\/api.w.org\/{rel}","templated":true}]}}