{"id":264159,"date":"2022-06-12T15:01:19","date_gmt":"2022-06-12T13:01:19","guid":{"rendered":"https:\/\/zjarr.tv\/?p=264159"},"modified":"2022-06-12T15:01:19","modified_gmt":"2022-06-12T13:01:19","slug":"berisha-rikujton-23-vjetori-i-hyrjes-se-nato-s-ne-kosove","status":"publish","type":"post","link":"https:\/\/zjarr.tv\/en\/berisha-rikujton-23-vjetori-i-hyrjes-se-nato-s-ne-kosove\/","title":{"rendered":"Berisha rikujton 23 vjetori i hyrjes s\u00eb NATO-s n\u00eb Kosov\u00eb!"},"content":{"rendered":"<p>Nga Sali Berisha\/<\/p>\n<p>23 vjetori i hyrjes se NATO-s ne Kosove!<\/p>\n<p>Te dashur miq, si sot 23 vjet me pare, pas tre muajsh bombardimesh te infrastruktures ushtarake te Beogradit nga fuqite ajrore te NATO-s, trupat toksore te Aleances hyne si \u00e7lirimtare ne Kosove.<\/p>\n<p>Kjo eshte nje dite e shenuar historike per Kosoven, kombin shqiptar dhe NATO-n. Kjo eshte nje dite mirenjohjeje te pakufijshme per te gjithe ata qe luftuan dhe dhane jeten per lirine e Kosoves, per Aleancen e Atllantikut te Veriut, ushtrite dhe vendet anetare te saj, ne ve\u00e7anti per SHBA-te dhe presidentin Bill Klinton qe udhehoqen betejen e NATO-s per \u00e7lirimin e Kosoves. Rrofte Kosova, rrofte NATO! sb<\/p>","protected":false},"excerpt":{"rendered":"<p>Nga Sali Berisha\/ 23 vjetori i hyrjes se NATO-s ne Kosove! Te dashur miq, si sot 23 vjet me pare, pas tre muajsh bombardimesh te infrastruktures ushtarake te Beogradit nga fuqite ajrore te NATO-s, trupat toksore te Aleances hyne si \u00e7lirimtare ne Kosove. Kjo eshte nje dite e shenuar historike per Kosoven, kombin shqiptar dhe [&hellip;]<\/p>\n","protected":false},"author":2020,"featured_media":254632,"comment_status":"closed","ping_status":"closed","sticky":false,"template":"","format":"standard","meta":{"footnotes":""},"categories":[241,5380,231],"tags":[],"class_list":{"0":"post-264159","1":"post","2":"type-post","3":"status-publish","4":"format-standard","5":"has-post-thumbnail","7":"category-aktualitet","8":"category-kryesore","9":"category-lajme"},"_links":{"self":[{"href":"https:\/\/zjarr.tv\/en\/wp-json\/wp\/v2\/posts\/264159","targetHints":{"allow":["GET"]}}],"collection":[{"href":"https:\/\/zjarr.tv\/en\/wp-json\/wp\/v2\/posts"}],"about":[{"href":"https:\/\/zjarr.tv\/en\/wp-json\/wp\/v2\/types\/post"}],"author":[{"embeddable":true,"href":"https:\/\/zjarr.tv\/en\/wp-json\/wp\/v2\/users\/2020"}],"replies":[{"embeddable":true,"href":"https:\/\/zjarr.tv\/en\/wp-json\/wp\/v2\/comments?post=264159"}],"version-history":[{"count":0,"href":"https:\/\/zjarr.tv\/en\/wp-json\/wp\/v2\/posts\/264159\/revisions"}],"wp:featuredmedia":[{"embeddable":true,"href":"https:\/\/zjarr.tv\/en\/wp-json\/wp\/v2\/media\/254632"}],"wp:attachment":[{"href":"https:\/\/zjarr.tv\/en\/wp-json\/wp\/v2\/media?parent=264159"}],"wp:term":[{"taxonomy":"category","embeddable":true,"href":"https:\/\/zjarr.tv\/en\/wp-json\/wp\/v2\/categories?post=264159"},{"taxonomy":"post_tag","embeddable":true,"href":"https:\/\/zjarr.tv\/en\/wp-json\/wp\/v2\/tags?post=264159"}],"curies":[{"name":"wp","href":"https:\/\/api.w.org\/{rel}","templated":true}]}}