{"id":264161,"date":"2022-06-12T15:18:27","date_gmt":"2022-06-12T13:18:27","guid":{"rendered":"https:\/\/zjarr.tv\/?p=264161"},"modified":"2022-06-12T15:18:27","modified_gmt":"2022-06-12T13:18:27","slug":"rama-kujton-clirimin-e-kosoves-me-nderhyrjen-e-nato-s-nisi-nje-epoke-e-re","status":"publish","type":"post","link":"https:\/\/zjarr.tv\/en\/rama-kujton-clirimin-e-kosoves-me-nderhyrjen-e-nato-s-nisi-nje-epoke-e-re\/","title":{"rendered":"Rama kujton \u00e7lirimin e Kosov\u00ebs: Me nd\u00ebrhyrjen e NATO-s nisi nj\u00eb epok\u00eb e re"},"content":{"rendered":"<p>Kryeministri Edi Rama ka kujtuar sot 23-vjetorin e \u00e7lirimit t\u00eb Kosov\u00ebs nga forcat serbe.<\/p>\n<p>N\u00eb nj\u00eb sh\u00ebnim n\u00eb llogarin\u00eb e tij n\u00eb Facebook, Rama ka shkruar se me hyrjen\u00a0 e forcave t\u00eb NATO-s nisi nj\u00eb epok\u00eb e re.<\/p>\n<p>\u201cSi sot 23 vjet m\u00eb par\u00eb, me hyrjen forcave t\u00eb NATO-s u hap nj\u00eb epok\u00eb e re p\u00ebr shqiptar\u00ebt e Kosov\u00ebs\u2019, shkruan kryeministri.<\/p>","protected":false},"excerpt":{"rendered":"<p>Kryeministri Edi Rama ka kujtuar sot 23-vjetorin e \u00e7lirimit t\u00eb Kosov\u00ebs nga forcat serbe. N\u00eb nj\u00eb sh\u00ebnim n\u00eb llogarin\u00eb e tij n\u00eb Facebook, Rama ka shkruar se me hyrjen\u00a0 e forcave t\u00eb NATO-s nisi nj\u00eb epok\u00eb e re. \u201cSi sot 23 vjet m\u00eb par\u00eb, me hyrjen forcave t\u00eb NATO-s u hap nj\u00eb epok\u00eb e re [&hellip;]<\/p>\n","protected":false},"author":2020,"featured_media":191052,"comment_status":"closed","ping_status":"closed","sticky":false,"template":"","format":"standard","meta":{"footnotes":""},"categories":[241,5380,231],"tags":[],"class_list":{"0":"post-264161","1":"post","2":"type-post","3":"status-publish","4":"format-standard","5":"has-post-thumbnail","7":"category-aktualitet","8":"category-kryesore","9":"category-lajme"},"_links":{"self":[{"href":"https:\/\/zjarr.tv\/en\/wp-json\/wp\/v2\/posts\/264161","targetHints":{"allow":["GET"]}}],"collection":[{"href":"https:\/\/zjarr.tv\/en\/wp-json\/wp\/v2\/posts"}],"about":[{"href":"https:\/\/zjarr.tv\/en\/wp-json\/wp\/v2\/types\/post"}],"author":[{"embeddable":true,"href":"https:\/\/zjarr.tv\/en\/wp-json\/wp\/v2\/users\/2020"}],"replies":[{"embeddable":true,"href":"https:\/\/zjarr.tv\/en\/wp-json\/wp\/v2\/comments?post=264161"}],"version-history":[{"count":0,"href":"https:\/\/zjarr.tv\/en\/wp-json\/wp\/v2\/posts\/264161\/revisions"}],"wp:featuredmedia":[{"embeddable":true,"href":"https:\/\/zjarr.tv\/en\/wp-json\/wp\/v2\/media\/191052"}],"wp:attachment":[{"href":"https:\/\/zjarr.tv\/en\/wp-json\/wp\/v2\/media?parent=264161"}],"wp:term":[{"taxonomy":"category","embeddable":true,"href":"https:\/\/zjarr.tv\/en\/wp-json\/wp\/v2\/categories?post=264161"},{"taxonomy":"post_tag","embeddable":true,"href":"https:\/\/zjarr.tv\/en\/wp-json\/wp\/v2\/tags?post=264161"}],"curies":[{"name":"wp","href":"https:\/\/api.w.org\/{rel}","templated":true}]}}