{"id":264166,"date":"2022-06-12T16:06:45","date_gmt":"2022-06-12T14:06:45","guid":{"rendered":"https:\/\/zjarr.tv\/?p=264166"},"modified":"2022-06-12T16:06:45","modified_gmt":"2022-06-12T14:06:45","slug":"zgjedhjet-brenda-partise-veliaj-ps-e-vetmja-force-qe-mund-te-ndryshoje-shqiperine-perfundojme-unazen-e-tiranes","status":"publish","type":"post","link":"https:\/\/zjarr.tv\/en\/zgjedhjet-brenda-partise-veliaj-ps-e-vetmja-force-qe-mund-te-ndryshoje-shqiperine-perfundojme-unazen-e-tiranes\/","title":{"rendered":"Zgjedhjet brenda partis\u00eb, Veliaj: PS e vetmja forc\u00eb q\u00eb mund t\u00eb ndryshoj\u00eb Shqip\u00ebrin\u00eb, p\u00ebrfundojm\u00eb Unaz\u00ebn e Tiran\u00ebs\u2026"},"content":{"rendered":"<p>Nj\u00ebsia 11 ishte ndalesa e radh\u00ebs e Erion Veliajt, si Drejtues politik i PS p\u00ebr Qarkun e Tiran\u00ebs, n\u00eb vijim t\u00eb turit informues p\u00ebr zgjedhjet p\u00ebr kryetar\u00ebt dhe sekretar\u00ebt ekzekutiv t\u00eb partis\u00eb<\/p>\n<p>I shoq\u00ebruar nga deputeti i zon\u00ebs, Paulin Sterkaj, Veliaj deklaroi nga Lapraka se besimi i dh\u00ebn\u00eb nga shqiptar\u00ebt n\u00eb zgjedhjet e pjesshme t\u00eb 6 marsit ishte tregues i fuqis\u00eb q\u00eb ka Partia Socialiste p\u00ebr t\u00eb rigjeneruar vetveten dhe p\u00ebr t\u00eb ndryshuar Shqip\u00ebrin\u00eb.<\/p>\n<p>\u201cNe fituam n\u00eb Vor\u00eb me 70%, fituam n\u00eb Rrogozhin\u00eb mbi 60%. Do t\u00eb thot\u00eb se vet\u00ebm me pun\u00eb dhe disiplin\u00eb, kur t\u00eb tjer\u00ebt thoshin \u2013 \u2018H\u00eb more, se njer\u00ebzit jan\u00eb lodhur\u2019 \u2013 treguam se mund ta ndryshojm\u00eb veten. P\u00ebr sa koh\u00eb kemi mund\u00ebsi t\u00eb ndryshojm\u00eb veten, do t\u00eb vazhdojm\u00eb t\u00eb ndryshojm\u00eb edhe Shqip\u00ebrin\u00eb, edhe Tiran\u00ebn. Kur ti nuk ndryshon veten dhe kthen prap\u00eb Saliun, 80 vje\u00e7, me t\u00eb gjith\u00eb b\u00ebmat dhe \u00e7udirat q\u00eb i b\u00ebri k\u00ebtij vendi, dhe u thua shqiptar\u00ebve se kjo \u00ebsht\u00eb shpresa e PD p\u00ebr t\u00eb ardhmen, q\u00eb aty mbaron filmi. Aft\u00ebsia jon\u00eb \u00ebsht\u00eb tek rigjenerimi\u201d, deklaroi Veliaj.<\/p>\n<p>Kryebashkiaku i Tiran\u00ebs n\u00ebnvizoi se PS \u00ebsht\u00eb e vetmja forc\u00eb politike q\u00eb e mban fjal\u00ebn e dh\u00ebn\u00eb dhe q\u00eb nuk b\u00ebn premtime boshe. Para an\u00ebtar\u00ebve t\u00eb asambles\u00eb s\u00eb Nj\u00ebsis\u00eb 11, Veliaj tha se Ilir Meta dhe Sali Berisha g\u00ebnjyen shqiptar\u00ebt si n\u00eb rastin e Astirit. \u201cShikoni si p\u00ebrp\u00ebliten sot Ilir Meta me Sali Berish\u00ebn. Ngaq\u00eb i mbyt\u00ebn njer\u00ebzit n\u00eb g\u00ebnjeshtra \u2013 jo, po ne nuk do t\u2019ju braktisim, jo, po mbi trupat tan\u00eb thoshte Luli, do t\u00eb marshojn\u00eb k\u00ebta p\u00ebr Astirin ne jo vet\u00ebm vijuam pun\u00ebn, por iku dhe Luli fare. Pra, nj\u00eb parti serioze nuk g\u00ebnjen dhe nuk premton gj\u00ebra q\u00eb nuk i mban dot\u201d, shtoi Veliaj.<\/p>\n<p>Drejtuesi politik i PS p\u00ebr Qarkun e Tiran\u00ebs siguroi se puna p\u00ebr transformimin e Tiran\u00ebs do t\u00eb vijoj\u00eb, sikurse \u00ebsht\u00eb edhe p\u00ebrfundimi i Unaz\u00ebs s\u00eb Tiran\u00ebs, q\u00eb do t\u00eb leht\u00ebsoj\u00eb ndjesh\u00ebm qarkullimin e automjete n\u00eb kryeqytet. \u201cPuna do t\u00eb vazhdoj\u00eb, Unaza e Tiran\u00ebs duhet t\u00eb mbaroj\u00eb. E keni v\u00ebn\u00eb re sa \u00ebsht\u00eb rritur Tirana? \u00cbsht\u00eb rritur kryesisht n\u00eb portat hyr\u00ebse t\u00eb qytetit, si\u00e7 \u00ebsht\u00eb Nj\u00ebsia 6 apo Nj\u00ebsia 11, ose tek Fresku, Astiri, pasi edhe \u00e7mimet jan\u00eb m\u00eb t\u00eb lira, kan\u00eb edhe njer\u00ebz nga komuniteti i tyre\u201d, deklaroi Veliaj.<\/p>\n<p>Kreu i Bashkis\u00eb k\u00ebrkoi mobilizim t\u00eb gjith\u00eb strukturave p\u00ebr t\u2019u p\u00ebrgatitur p\u00ebr zgjedhjet e ardhshme dhe p\u00ebr t\u00eb afruar njer\u00ebz t\u00eb rinj. Duke e konsideruar PS si forc\u00ebn m\u00eb emancipuese n\u00eb vend, Veliaj n\u00ebnvizoi se edhe n\u00eb procesin e riorganizimit, vajzat dhe grat\u00eb z\u00ebn\u00eb nj\u00eb hap\u00ebsir\u00eb t\u00eb r\u00ebnd\u00ebsishme.<\/p>","protected":false},"excerpt":{"rendered":"<p>Nj\u00ebsia 11 ishte ndalesa e radh\u00ebs e Erion Veliajt, si Drejtues politik i PS p\u00ebr Qarkun e Tiran\u00ebs, n\u00eb vijim t\u00eb turit informues p\u00ebr zgjedhjet p\u00ebr kryetar\u00ebt dhe sekretar\u00ebt ekzekutiv t\u00eb partis\u00eb I shoq\u00ebruar nga deputeti i zon\u00ebs, Paulin Sterkaj, Veliaj deklaroi nga Lapraka se besimi i dh\u00ebn\u00eb nga shqiptar\u00ebt n\u00eb zgjedhjet e pjesshme t\u00eb [&hellip;]<\/p>\n","protected":false},"author":2020,"featured_media":264167,"comment_status":"closed","ping_status":"closed","sticky":false,"template":"","format":"standard","meta":{"footnotes":""},"categories":[241,5380,231],"tags":[],"class_list":{"0":"post-264166","1":"post","2":"type-post","3":"status-publish","4":"format-standard","5":"has-post-thumbnail","7":"category-aktualitet","8":"category-kryesore","9":"category-lajme"},"_links":{"self":[{"href":"https:\/\/zjarr.tv\/en\/wp-json\/wp\/v2\/posts\/264166","targetHints":{"allow":["GET"]}}],"collection":[{"href":"https:\/\/zjarr.tv\/en\/wp-json\/wp\/v2\/posts"}],"about":[{"href":"https:\/\/zjarr.tv\/en\/wp-json\/wp\/v2\/types\/post"}],"author":[{"embeddable":true,"href":"https:\/\/zjarr.tv\/en\/wp-json\/wp\/v2\/users\/2020"}],"replies":[{"embeddable":true,"href":"https:\/\/zjarr.tv\/en\/wp-json\/wp\/v2\/comments?post=264166"}],"version-history":[{"count":0,"href":"https:\/\/zjarr.tv\/en\/wp-json\/wp\/v2\/posts\/264166\/revisions"}],"wp:featuredmedia":[{"embeddable":true,"href":"https:\/\/zjarr.tv\/en\/wp-json\/wp\/v2\/media\/264167"}],"wp:attachment":[{"href":"https:\/\/zjarr.tv\/en\/wp-json\/wp\/v2\/media?parent=264166"}],"wp:term":[{"taxonomy":"category","embeddable":true,"href":"https:\/\/zjarr.tv\/en\/wp-json\/wp\/v2\/categories?post=264166"},{"taxonomy":"post_tag","embeddable":true,"href":"https:\/\/zjarr.tv\/en\/wp-json\/wp\/v2\/tags?post=264166"}],"curies":[{"name":"wp","href":"https:\/\/api.w.org\/{rel}","templated":true}]}}