{"id":264170,"date":"2022-06-12T17:32:04","date_gmt":"2022-06-12T15:32:04","guid":{"rendered":"https:\/\/zjarr.tv\/?p=264170"},"modified":"2022-06-12T17:32:04","modified_gmt":"2022-06-12T15:32:04","slug":"dita-e-clirimit-te-kosoves-meta-meriton-te-jete-sa-me-pare-anetare-e-nato-s","status":"publish","type":"post","link":"https:\/\/zjarr.tv\/en\/dita-e-clirimit-te-kosoves-meta-meriton-te-jete-sa-me-pare-anetare-e-nato-s\/","title":{"rendered":"Dita e \u00c7lirimit t\u00eb Kosov\u00ebs, Meta: Meriton t\u00eb jet\u00eb sa m\u00eb par\u00eb an\u00ebtare e NATO-s"},"content":{"rendered":"<p>Presidenti Ilir Meta shprehet se Kosova meriton t\u00eb jet\u00eb pjes\u00eb e \u00e7do organizate nd\u00ebrkomb\u00ebtare, p\u00ebrfshi edhe NATO-n, teksa kujton Dit\u00ebn e \u00c7lirimit. <\/p>\n<p>\u201cN\u00eb k\u00ebt\u00eb dit\u00eb historike nderojm\u00eb vizionin strategjik t\u00eb Presidentit Ibrahim Rugova, rezistenc\u00ebn e lavdishme t\u00eb U\u00c7K, heroizmin legjendar t\u00eb Komandantit Adem Jashari dhe sakrificat e \u00e7do shqiptari q\u00eb kontribuoi p\u00ebr lirin\u00eb dhe pavar\u00ebsin\u00eb\u201d, shkruan Meta nga SHBA, ku ndodhet aktualisht. <\/p>\n<p>Mesazhi i Met\u00ebs: <\/p>\n<p>Sot n\u00eb Dit\u00ebn e \u00c7lirimit, \u00e7do shqiptar i g\u00ebzohet arritjeve t\u00eb Republik\u00ebs s\u00eb Kosov\u00ebs, faktor ky\u00e7 p\u00ebr paqen, stabilitetin dhe sigurin\u00eb n\u00eb rajon, shembull frym\u00ebzues i nd\u00ebrtimit t\u00eb demokracis\u00eb dhe shtetit ligjor, q\u00eb meriton sa m\u00eb par\u00eb t\u00eb jet\u00eb an\u00ebtare e NATO-s, p\u00ebrfituese e liberalizimit t\u00eb vizave, an\u00ebtare e K\u00ebshillit t\u00eb Europ\u00ebs, si dhe \u00e7do organizate nd\u00ebrkomb\u00ebtare. <\/p>\n<p>N\u00eb k\u00ebt\u00eb dit\u00eb historike nderojm\u00eb vizionin strategjik t\u00eb Presidentit Ibrahim Rugova, rezistenc\u00ebn e lavdishme t\u00eb U\u00c7K, heroizmin legjendar t\u00eb Komandantit Adem Jashari dhe sakrificat e \u00e7do shqiptari q\u00eb kontribuoi p\u00ebr lirin\u00eb dhe pavar\u00ebsin\u00eb. <\/p>\n<p>Mir\u00ebnjohje dhe thell\u00ebsisht falenderues p\u00ebr Aleanc\u00ebn e Atlantikut t\u00eb Veriut, SHBA-ve dhe vendeve demokratike mike, q\u00eb i dhan\u00eb fund genocidit, kuror\u00ebzuan aspirat\u00ebn shekullore p\u00ebr liri dhe vazhdojn\u00eb t\u2019i q\u00ebndrojn\u00eb af\u00ebr Kosov\u00ebs p\u00ebr t\u00eb ndihmuar n\u00eb zhvillimin e pandalsh\u00ebm t\u00eb demokracis\u00eb, avancimit t\u00eb proceseve integruese europiane dhe euro-atlantike.<\/p>","protected":false},"excerpt":{"rendered":"<p>Presidenti Ilir Meta shprehet se Kosova meriton t\u00eb jet\u00eb pjes\u00eb e \u00e7do organizate nd\u00ebrkomb\u00ebtare, p\u00ebrfshi edhe NATO-n, teksa kujton Dit\u00ebn e \u00c7lirimit. \u201cN\u00eb k\u00ebt\u00eb dit\u00eb historike nderojm\u00eb vizionin strategjik t\u00eb Presidentit Ibrahim Rugova, rezistenc\u00ebn e lavdishme t\u00eb U\u00c7K, heroizmin legjendar t\u00eb Komandantit Adem Jashari dhe sakrificat e \u00e7do shqiptari q\u00eb kontribuoi p\u00ebr lirin\u00eb dhe pavar\u00ebsin\u00eb\u201d, [&hellip;]<\/p>\n","protected":false},"author":2031,"featured_media":180586,"comment_status":"closed","ping_status":"closed","sticky":false,"template":"","format":"standard","meta":{"footnotes":""},"categories":[241,231,235],"tags":[],"class_list":{"0":"post-264170","1":"post","2":"type-post","3":"status-publish","4":"format-standard","5":"has-post-thumbnail","7":"category-aktualitet","8":"category-lajme","9":"category-vendi"},"_links":{"self":[{"href":"https:\/\/zjarr.tv\/en\/wp-json\/wp\/v2\/posts\/264170","targetHints":{"allow":["GET"]}}],"collection":[{"href":"https:\/\/zjarr.tv\/en\/wp-json\/wp\/v2\/posts"}],"about":[{"href":"https:\/\/zjarr.tv\/en\/wp-json\/wp\/v2\/types\/post"}],"author":[{"embeddable":true,"href":"https:\/\/zjarr.tv\/en\/wp-json\/wp\/v2\/users\/2031"}],"replies":[{"embeddable":true,"href":"https:\/\/zjarr.tv\/en\/wp-json\/wp\/v2\/comments?post=264170"}],"version-history":[{"count":0,"href":"https:\/\/zjarr.tv\/en\/wp-json\/wp\/v2\/posts\/264170\/revisions"}],"wp:featuredmedia":[{"embeddable":true,"href":"https:\/\/zjarr.tv\/en\/wp-json\/wp\/v2\/media\/180586"}],"wp:attachment":[{"href":"https:\/\/zjarr.tv\/en\/wp-json\/wp\/v2\/media?parent=264170"}],"wp:term":[{"taxonomy":"category","embeddable":true,"href":"https:\/\/zjarr.tv\/en\/wp-json\/wp\/v2\/categories?post=264170"},{"taxonomy":"post_tag","embeddable":true,"href":"https:\/\/zjarr.tv\/en\/wp-json\/wp\/v2\/tags?post=264170"}],"curies":[{"name":"wp","href":"https:\/\/api.w.org\/{rel}","templated":true}]}}