{"id":264174,"date":"2022-06-12T20:11:22","date_gmt":"2022-06-12T18:11:22","guid":{"rendered":"https:\/\/zjarr.tv\/?p=264174"},"modified":"2022-06-12T20:11:22","modified_gmt":"2022-06-12T18:11:22","slug":"ps-feston-31-vjetorin-zyrtaret-e-lsi-se-shkojne-ne-seline-roze-ja-opozitaret-qe-moren-pjese","status":"publish","type":"post","link":"https:\/\/zjarr.tv\/en\/ps-feston-31-vjetorin-zyrtaret-e-lsi-se-shkojne-ne-seline-roze-ja-opozitaret-qe-moren-pjese\/","title":{"rendered":"PS feston 31-vjetorin, zyrtar\u00ebt e LSI-s\u00eb shkojn\u00eb n\u00eb selin\u00eb roz\u00eb, ja opozitar\u00ebt q\u00eb mor\u00ebn pjes\u00eb"},"content":{"rendered":"<p>Partia Socialiste feston sot 31 vjetorin e krijimit t\u00eb saj. Fest\u00ebs s\u00eb organizuar nga PS\u00a0 i \u00ebsht\u00eb bashkuar edhe deputetja e LSI-s\u00eb, Erisa Xhixho dhe sekretari i P\u00ebrgjithsh\u00ebm i LSI-s\u00eb Endrit Braimllari. <\/p>\n<p>Si\u00e7 shihet edhe nga fotot, dy perfaq\u00ebsuesit e LSI-s\u00eb i jan\u00eb p\u00ebrgjigjur pozitivisht ftes\u00ebs s\u00eb organizator\u00ebve p\u00ebr t\u00eb marr\u00eb pjes\u00eb n\u00eb fest\u00eb, nd\u00ebrsa kryetarja e LSI-s\u00eb, Monika Kryemadhi, si duket nuk ka pranuar ftes\u00ebn p\u00ebr t\u00eb qen\u00eb pjes\u00eb e organizimit t\u00eb PS p\u00ebr dit\u00eblindjen e 31. <\/p>\n<p>M\u00eb her\u00ebt mb\u00ebriti edhe kryeministri Edi Rama, Gramoc Ruci, Agron Duka, Luam Rama dhe Paskal Milo.<\/p>","protected":false},"excerpt":{"rendered":"<p>Partia Socialiste feston sot 31 vjetorin e krijimit t\u00eb saj. Fest\u00ebs s\u00eb organizuar nga PS\u00a0 i \u00ebsht\u00eb bashkuar edhe deputetja e LSI-s\u00eb, Erisa Xhixho dhe sekretari i P\u00ebrgjithsh\u00ebm i LSI-s\u00eb Endrit Braimllari. Si\u00e7 shihet edhe nga fotot, dy perfaq\u00ebsuesit e LSI-s\u00eb i jan\u00eb p\u00ebrgjigjur pozitivisht ftes\u00ebs s\u00eb organizator\u00ebve p\u00ebr t\u00eb marr\u00eb pjes\u00eb n\u00eb fest\u00eb, nd\u00ebrsa [&hellip;]<\/p>\n","protected":false},"author":2031,"featured_media":264175,"comment_status":"closed","ping_status":"closed","sticky":false,"template":"","format":"standard","meta":{"footnotes":""},"categories":[241,231,235],"tags":[],"class_list":{"0":"post-264174","1":"post","2":"type-post","3":"status-publish","4":"format-standard","5":"has-post-thumbnail","7":"category-aktualitet","8":"category-lajme","9":"category-vendi"},"_links":{"self":[{"href":"https:\/\/zjarr.tv\/en\/wp-json\/wp\/v2\/posts\/264174","targetHints":{"allow":["GET"]}}],"collection":[{"href":"https:\/\/zjarr.tv\/en\/wp-json\/wp\/v2\/posts"}],"about":[{"href":"https:\/\/zjarr.tv\/en\/wp-json\/wp\/v2\/types\/post"}],"author":[{"embeddable":true,"href":"https:\/\/zjarr.tv\/en\/wp-json\/wp\/v2\/users\/2031"}],"replies":[{"embeddable":true,"href":"https:\/\/zjarr.tv\/en\/wp-json\/wp\/v2\/comments?post=264174"}],"version-history":[{"count":0,"href":"https:\/\/zjarr.tv\/en\/wp-json\/wp\/v2\/posts\/264174\/revisions"}],"wp:featuredmedia":[{"embeddable":true,"href":"https:\/\/zjarr.tv\/en\/wp-json\/wp\/v2\/media\/264175"}],"wp:attachment":[{"href":"https:\/\/zjarr.tv\/en\/wp-json\/wp\/v2\/media?parent=264174"}],"wp:term":[{"taxonomy":"category","embeddable":true,"href":"https:\/\/zjarr.tv\/en\/wp-json\/wp\/v2\/categories?post=264174"},{"taxonomy":"post_tag","embeddable":true,"href":"https:\/\/zjarr.tv\/en\/wp-json\/wp\/v2\/tags?post=264174"}],"curies":[{"name":"wp","href":"https:\/\/api.w.org\/{rel}","templated":true}]}}