{"id":264178,"date":"2022-06-12T20:15:20","date_gmt":"2022-06-12T18:15:20","guid":{"rendered":"https:\/\/zjarr.tv\/?p=264178"},"modified":"2022-06-12T20:15:20","modified_gmt":"2022-06-12T18:15:20","slug":"lulzim-basha-feston-ditelindjen-aurela-publikon-foton-e-vecante-gezuar-zemer","status":"publish","type":"post","link":"https:\/\/zjarr.tv\/en\/lulzim-basha-feston-ditelindjen-aurela-publikon-foton-e-vecante-gezuar-zemer\/","title":{"rendered":"Lulzim Basha feston dit\u00eblindjen, Aurela publikon foton e ve\u00e7ant\u00eb: G\u00ebzuar zem\u00ebr!"},"content":{"rendered":"<p>Ish-kryetari i Partis\u00eb Demokratike, Lulzim Basha, dit\u00ebn e sotme feston dit\u00eblindjen e tij dhe mbush plot 48 vje\u00e7. <\/p>\n<p>Ka qen\u00eb bashk\u00ebshortja e tij, Aurela Basha, ajo e cila n\u00eb k\u00ebt\u00eb dit\u00eb kaq t\u00eb\u00a0 ka uruar Bash\u00ebn p\u00ebrmes nj\u00eb fotoje mjaft t\u00eb ve\u00e7ant\u00eb. <\/p>\n<p>N\u00eb llogarin\u00eb e saj personale, Aurela ka publikuar nj\u00eb foto krah partnerin t\u00eb saj dhe shkruan: \u201cG\u00ebzuar dit\u00eblindjen\u201d, dhe nj\u00eb \u201cemoji\u201d me zem\u00ebr.<\/p>","protected":false},"excerpt":{"rendered":"<p>Ish-kryetari i Partis\u00eb Demokratike, Lulzim Basha, dit\u00ebn e sotme feston dit\u00eblindjen e tij dhe mbush plot 48 vje\u00e7. Ka qen\u00eb bashk\u00ebshortja e tij, Aurela Basha, ajo e cila n\u00eb k\u00ebt\u00eb dit\u00eb kaq t\u00eb\u00a0 ka uruar Bash\u00ebn p\u00ebrmes nj\u00eb fotoje mjaft t\u00eb ve\u00e7ant\u00eb. N\u00eb llogarin\u00eb e saj personale, Aurela ka publikuar nj\u00eb foto krah partnerin t\u00eb [&hellip;]<\/p>\n","protected":false},"author":2031,"featured_media":264179,"comment_status":"closed","ping_status":"closed","sticky":false,"template":"","format":"standard","meta":{"footnotes":""},"categories":[241,231,235],"tags":[],"class_list":{"0":"post-264178","1":"post","2":"type-post","3":"status-publish","4":"format-standard","5":"has-post-thumbnail","7":"category-aktualitet","8":"category-lajme","9":"category-vendi"},"_links":{"self":[{"href":"https:\/\/zjarr.tv\/en\/wp-json\/wp\/v2\/posts\/264178","targetHints":{"allow":["GET"]}}],"collection":[{"href":"https:\/\/zjarr.tv\/en\/wp-json\/wp\/v2\/posts"}],"about":[{"href":"https:\/\/zjarr.tv\/en\/wp-json\/wp\/v2\/types\/post"}],"author":[{"embeddable":true,"href":"https:\/\/zjarr.tv\/en\/wp-json\/wp\/v2\/users\/2031"}],"replies":[{"embeddable":true,"href":"https:\/\/zjarr.tv\/en\/wp-json\/wp\/v2\/comments?post=264178"}],"version-history":[{"count":0,"href":"https:\/\/zjarr.tv\/en\/wp-json\/wp\/v2\/posts\/264178\/revisions"}],"wp:featuredmedia":[{"embeddable":true,"href":"https:\/\/zjarr.tv\/en\/wp-json\/wp\/v2\/media\/264179"}],"wp:attachment":[{"href":"https:\/\/zjarr.tv\/en\/wp-json\/wp\/v2\/media?parent=264178"}],"wp:term":[{"taxonomy":"category","embeddable":true,"href":"https:\/\/zjarr.tv\/en\/wp-json\/wp\/v2\/categories?post=264178"},{"taxonomy":"post_tag","embeddable":true,"href":"https:\/\/zjarr.tv\/en\/wp-json\/wp\/v2\/tags?post=264178"}],"curies":[{"name":"wp","href":"https:\/\/api.w.org\/{rel}","templated":true}]}}