{"id":264189,"date":"2022-06-13T09:04:55","date_gmt":"2022-06-13T07:04:55","guid":{"rendered":"https:\/\/zjarr.tv\/?p=264189"},"modified":"2022-06-13T09:04:55","modified_gmt":"2022-06-13T07:04:55","slug":"i-padeshiruar-nga-rama-dhe-deputetet-socialiste-dritan-leli-uron-ps-ne-per-31-vjetorin","status":"publish","type":"post","link":"https:\/\/zjarr.tv\/en\/i-padeshiruar-nga-rama-dhe-deputetet-socialiste-dritan-leli-uron-ps-ne-per-31-vjetorin\/","title":{"rendered":"\u201cI pad\u00ebshiruar\u201d nga Rama dhe deputet\u00ebt socialist\u00eb, Dritan Leli uron PS-n\u00eb p\u00ebr 31 vjetorin"},"content":{"rendered":"<p>Ndon\u00ebse \u00ebsht\u00eb \u201ci pad\u00ebshiruar\u201d nga kryeministri Edi Rama dhe deputet\u00ebt  socialist\u00eb, kryetari i Bashkis\u00eb s\u00eb Vlor\u00ebs, Dritan Leli, nuk mund t\u00eb q\u00ebndronte pa uruar Partin\u00eb Socialiste n\u00eb dit\u00eblindjen e 31.<\/p>\n<p>P\u00ebrmes nj\u00eb postimi n\u00eb \u201cFacebook\u201d, Leli pak minuta m\u00eb par\u00eb ka uruar PS-n\u00eb p\u00ebr 31-vjetorin.<\/p>\n<p> \u201cPrej t\u00eb gjith\u00eb socialist\u00ebve q\u00eb zgjodh\u00ebn t\u00eb transformojn\u00eb Shqip\u00ebrin\u00eb, p\u00ebr t\u00eb gjith\u00eb socialist\u00ebt q\u00eb do ta vazhdojn\u00eb k\u00ebt\u00eb rrug\u00eb edhe n\u00eb t\u00eb ardhmen, G\u00ebzuar Dit\u00eblindjen PS!\u201d, shkruan Leli.<\/p>\n<p>Kujtojm\u00eb se pasditen e sotme jasht\u00eb ambienteve t\u00eb selis\u00eb roz\u00eb dhjet\u00ebra socialist\u00eb jan\u00eb mbledhur p\u00ebr t\u00eb festuar dit\u00eblindjen e k\u00ebsaj force politike.<\/p>\n<p>N\u00eb mesin e shum\u00eb politikan\u00ebve dhe figurave t\u00eb njohura, t\u00ebrhoq\u00ebn v\u00ebmendje dhe disa element\u00eb nga opozit. Fest\u00ebs s\u00eb Partis\u00eb Socialiste i\u2019u bashkuan deputetja e LSI-s\u00eb, Erisa Xhixho dhe sekretari i P\u00ebrgjithsh\u00ebm i LSI-s\u00eb Endrit Braimllari.<\/p>","protected":false},"excerpt":{"rendered":"<p>Ndon\u00ebse \u00ebsht\u00eb \u201ci pad\u00ebshiruar\u201d nga kryeministri Edi Rama dhe deputet\u00ebt socialist\u00eb, kryetari i Bashkis\u00eb s\u00eb Vlor\u00ebs, Dritan Leli, nuk mund t\u00eb q\u00ebndronte pa uruar Partin\u00eb Socialiste n\u00eb dit\u00eblindjen e 31. P\u00ebrmes nj\u00eb postimi n\u00eb \u201cFacebook\u201d, Leli pak minuta m\u00eb par\u00eb ka uruar PS-n\u00eb p\u00ebr 31-vjetorin. \u201cPrej t\u00eb gjith\u00eb socialist\u00ebve q\u00eb zgjodh\u00ebn t\u00eb transformojn\u00eb Shqip\u00ebrin\u00eb, p\u00ebr [&hellip;]<\/p>\n","protected":false},"author":2031,"featured_media":264190,"comment_status":"closed","ping_status":"closed","sticky":false,"template":"","format":"standard","meta":{"footnotes":""},"categories":[241,231,235],"tags":[],"class_list":{"0":"post-264189","1":"post","2":"type-post","3":"status-publish","4":"format-standard","5":"has-post-thumbnail","7":"category-aktualitet","8":"category-lajme","9":"category-vendi"},"_links":{"self":[{"href":"https:\/\/zjarr.tv\/en\/wp-json\/wp\/v2\/posts\/264189","targetHints":{"allow":["GET"]}}],"collection":[{"href":"https:\/\/zjarr.tv\/en\/wp-json\/wp\/v2\/posts"}],"about":[{"href":"https:\/\/zjarr.tv\/en\/wp-json\/wp\/v2\/types\/post"}],"author":[{"embeddable":true,"href":"https:\/\/zjarr.tv\/en\/wp-json\/wp\/v2\/users\/2031"}],"replies":[{"embeddable":true,"href":"https:\/\/zjarr.tv\/en\/wp-json\/wp\/v2\/comments?post=264189"}],"version-history":[{"count":0,"href":"https:\/\/zjarr.tv\/en\/wp-json\/wp\/v2\/posts\/264189\/revisions"}],"wp:featuredmedia":[{"embeddable":true,"href":"https:\/\/zjarr.tv\/en\/wp-json\/wp\/v2\/media\/264190"}],"wp:attachment":[{"href":"https:\/\/zjarr.tv\/en\/wp-json\/wp\/v2\/media?parent=264189"}],"wp:term":[{"taxonomy":"category","embeddable":true,"href":"https:\/\/zjarr.tv\/en\/wp-json\/wp\/v2\/categories?post=264189"},{"taxonomy":"post_tag","embeddable":true,"href":"https:\/\/zjarr.tv\/en\/wp-json\/wp\/v2\/tags?post=264189"}],"curies":[{"name":"wp","href":"https:\/\/api.w.org\/{rel}","templated":true}]}}