{"id":264205,"date":"2022-06-13T10:04:21","date_gmt":"2022-06-13T08:04:21","guid":{"rendered":"https:\/\/zjarr.tv\/?p=264205"},"modified":"2022-06-13T10:04:21","modified_gmt":"2022-06-13T08:04:21","slug":"mbyllja-e-gjykates-ne-tropoje-celaj-mos-e-izoloni-kete-treve-qe-vuan-kushtet-me-te-renda-ekonomike-dhe-sociale","status":"publish","type":"post","link":"https:\/\/zjarr.tv\/en\/mbyllja-e-gjykates-ne-tropoje-celaj-mos-e-izoloni-kete-treve-qe-vuan-kushtet-me-te-renda-ekonomike-dhe-sociale\/","title":{"rendered":"Mbyllja e Gjykat\u00ebs n\u00eb Tropoj\u00eb, \u00c7elaj: Mos e izoloni k\u00ebt\u00eb trev\u00eb q\u00eb vuan kushtet m\u00eb t\u00eb r\u00ebnda ekonomike dhe sociale"},"content":{"rendered":"<p>Deputeti i Partis\u00eb Demokratik\u00eb Isuf \u00c7elaj ka reaguar pas vendimit p\u00ebr t\u00eb ndryshuar sistemin e ndarjes s\u00eb Gjykatave \u00e7ka ska sjell\u00eb mbylljen e Gjykat\u00ebs n\u00eb rrethin e Tropoj\u00ebs.<\/p>\n<p>\u201cMos e vrisni shpres\u00ebn p\u00ebr drejt\u00ebsi t\u00eb k\u00ebtyre qytetar\u00ebve duke b\u00ebr\u00eb eksperimente t\u00eb cilat jan\u00eb t\u00eb d\u00ebshtuara akoma pa filluar!\u201d<\/p>\n<p>\u201cTropoja dhe shqip\u00ebtar\u00ebt duan drejt\u00ebsi dhe jo nd\u00ebshkim me munges\u00eb t\u00eb drejt\u00ebsis\u00eb dhe institucionit t\u00eb saj!\u201d, shkruan \u00c7elaj.<\/p>\n<p>Ja postimi i plot\u00eb:<\/p>\n<p>Harta e re gjygj\u00ebsore ose hanxhari i drejt\u00ebsis\u00eb s\u00eb re i mbyll Tropoj\u00ebs Gjykat\u00ebn!Si\u00e7 e kam theksuar n\u00eb fjal\u00ebn time n\u00eb seanc\u00ebn plenare t\u00eb dat\u00ebs 14 tetor dhe me 21 n\u00ebntor t\u00eb vitit t\u00eb kaluar, ndjej\u00eb s\u00ebrish detyrimin n\u00eb em\u00ebr t\u00eb banor\u00ebve t\u00eb Tropoj\u00ebs q\u00eb t\u00eb ngre p\u00ebrs\u00ebri shqet\u00ebsimin e madh p\u00ebr shkrirjen e Gjykat\u00ebs s\u00eb Tropoj\u00ebs, \u00e7ka do t\u00eb sjell\u00eb nj\u00eb nd\u00ebshkim p\u00ebr banor\u00ebt e Tropoj\u00ebs.<\/p>\n<p>N\u00eb vazhd\u00ebn e qendrimeve t\u00eb k\u00ebsaj qeverie ndaj banor\u00ebve t\u00eb Tropoj\u00ebs e cila t\u00eb gjitha sherbimet ua ka transferuar n\u00eb Kuk\u00ebs duke mos marr\u00eb parasysh distanc\u00ebn e larg\u00ebt q\u00eb \u00ebsht\u00eb mes Tropoj\u00ebs e Kuk\u00ebsit dhe po ashtu dihet mir\u00eb se \u00e7far\u00eb do t\u00eb thot\u00eb p\u00ebr nj\u00eb banor t\u00eb varf\u00ebr t\u00eb Tropoj\u00ebs t\u00eb udh\u00ebtoj\u00eb 110 kilometra vajtje e po kaq n\u00eb kthim vet\u00ebm e vet\u00ebm p\u00ebr nj\u00eb firm\u00eb apo p\u00ebr nj\u00eb \u00e7eshtje t\u00eb thjesht\u00eb gjyq\u00ebsore, dhe n\u00eb se do t\u00eb miratohet q\u00eb t\u00eb ket\u00eb vetem nj\u00eb Gjykat\u00eb Apeli Civil n\u00eb Tiran\u00eb apo nj\u00eb Gjykat\u00eb Administrative po n\u00eb Tiran\u00eb at\u00ebher\u00eb kalvari i vuajtjeve dhe kostoja financiare p\u00ebr ta \u00ebsht\u00eb e pap\u00ebrshkruar!<\/p>\n<p>Mos e izoloni k\u00ebt\u00eb trev\u00eb q\u00eb vuan kushtet m\u00eb t\u00eb r\u00ebnda ekonomike dhe sociale.<\/p>\n<p>Mos ia shtoni hallet tropojan\u00ebve t\u00eb varf\u00ebr e t\u00eb izoluar nga mungesa e v\u00ebmendjes s\u00eb shtetit e pushtetit gjygj\u00ebsor.<\/p>\n<p>Mos e vrisni shpres\u00ebn p\u00ebr drejt\u00ebsi t\u00eb k\u00ebtyre qytetar\u00ebve duke b\u00ebr\u00eb eksperimente t\u00eb cilat jan\u00eb t\u00eb d\u00ebshtuara akoma pa filluar!<\/p>\n<p>Tropoja dhe shqip\u00ebtar\u00ebt duan drejt\u00ebsi dhe jo nd\u00ebshkim me munges\u00eb t\u00eb drejt\u00ebsis\u00eb dhe institucionit t\u00eb saj!<\/p>","protected":false},"excerpt":{"rendered":"<p>Deputeti i Partis\u00eb Demokratik\u00eb Isuf \u00c7elaj ka reaguar pas vendimit p\u00ebr t\u00eb ndryshuar sistemin e ndarjes s\u00eb Gjykatave \u00e7ka ska sjell\u00eb mbylljen e Gjykat\u00ebs n\u00eb rrethin e Tropoj\u00ebs. \u201cMos e vrisni shpres\u00ebn p\u00ebr drejt\u00ebsi t\u00eb k\u00ebtyre qytetar\u00ebve duke b\u00ebr\u00eb eksperimente t\u00eb cilat jan\u00eb t\u00eb d\u00ebshtuara akoma pa filluar!\u201d \u201cTropoja dhe shqip\u00ebtar\u00ebt duan drejt\u00ebsi dhe jo [&hellip;]<\/p>\n","protected":false},"author":2031,"featured_media":264206,"comment_status":"closed","ping_status":"closed","sticky":false,"template":"","format":"standard","meta":{"footnotes":""},"categories":[241,231,235],"tags":[],"class_list":{"0":"post-264205","1":"post","2":"type-post","3":"status-publish","4":"format-standard","5":"has-post-thumbnail","7":"category-aktualitet","8":"category-lajme","9":"category-vendi"},"_links":{"self":[{"href":"https:\/\/zjarr.tv\/en\/wp-json\/wp\/v2\/posts\/264205","targetHints":{"allow":["GET"]}}],"collection":[{"href":"https:\/\/zjarr.tv\/en\/wp-json\/wp\/v2\/posts"}],"about":[{"href":"https:\/\/zjarr.tv\/en\/wp-json\/wp\/v2\/types\/post"}],"author":[{"embeddable":true,"href":"https:\/\/zjarr.tv\/en\/wp-json\/wp\/v2\/users\/2031"}],"replies":[{"embeddable":true,"href":"https:\/\/zjarr.tv\/en\/wp-json\/wp\/v2\/comments?post=264205"}],"version-history":[{"count":0,"href":"https:\/\/zjarr.tv\/en\/wp-json\/wp\/v2\/posts\/264205\/revisions"}],"wp:featuredmedia":[{"embeddable":true,"href":"https:\/\/zjarr.tv\/en\/wp-json\/wp\/v2\/media\/264206"}],"wp:attachment":[{"href":"https:\/\/zjarr.tv\/en\/wp-json\/wp\/v2\/media?parent=264205"}],"wp:term":[{"taxonomy":"category","embeddable":true,"href":"https:\/\/zjarr.tv\/en\/wp-json\/wp\/v2\/categories?post=264205"},{"taxonomy":"post_tag","embeddable":true,"href":"https:\/\/zjarr.tv\/en\/wp-json\/wp\/v2\/tags?post=264205"}],"curies":[{"name":"wp","href":"https:\/\/api.w.org\/{rel}","templated":true}]}}