{"id":264209,"date":"2022-06-13T10:09:49","date_gmt":"2022-06-13T08:09:49","guid":{"rendered":"https:\/\/zjarr.tv\/?p=264209"},"modified":"2022-06-13T10:09:49","modified_gmt":"2022-06-13T08:09:49","slug":"shkrirja-e-farses-serbo-ruse-te-ballkanit-te-hapur-nga-scholz-dhe-estrada-e-rames-me-numrat-e-telefonit","status":"publish","type":"post","link":"https:\/\/zjarr.tv\/en\/shkrirja-e-farses-serbo-ruse-te-ballkanit-te-hapur-nga-scholz-dhe-estrada-e-rames-me-numrat-e-telefonit\/","title":{"rendered":"Shkrirja e fars\u00ebs serbo ruse te Ballkanit t\u00eb Hapur nga Scholz dhe estrada e Ram\u00ebs me numrat e telefonit"},"content":{"rendered":"<p>Nga Petrit Vasili<\/p>\n<p>Estrada me numrat e telefonit, renia e Open Balkan, cmimet e tmerrshme etj\u2026!<\/p>\n<p>Edi Rama dje ne aksham filloi nje estrade te trashe me gjoja listat e numrave te telefonit, qe medemek shiten ne pazar.<\/p>\n<p>Estrada e Rames pritej, bile ne fakt duhet te fillonte edhe me shpejt, sepse duhej me patjeter nje zhurme teneqesh, pas deshtimeve njeri me i rende e me poshterues se tjetri.<\/p>\n<p>Kancelari Scholz e shkriu krejt farsen serbo ruse te Ballkanit te Hapur pas zderhalljes idiote te Ohrit dhe jua ngriu tradhetine ne buze Rames &#038; co duke i lene si guak\u00eb.<\/p>\n<p>Kajmaku e justifikoi besimin dhe vleresimin e Rames per te dhe i futi nje dore prej 1 milione euro droge ashtu sic rilindja e ka qejf, pa\u00e7ka se italianet e \u201cmallkuar\u201d e kapen dhe ja prishen Rames edhe festen e partise.<\/p>\n<p>Hatas\u00eb me inceneratoret fundi i duket shume larg dhe dokumenta e fakte dalin perdite, qe e bejne gjithnje e me katran Ramen dhe po ja bejne hallin sa nje mal.<\/p>\n<p>\u00c7mimet e tmerrshme kane egersuar te gjithe njerezit sepse jane pasoje shqeto e pazarit te Rames me oligarket per te grire miliona euro dhe kete e ka kuptuar i madh dhe i vogel.<\/p>\n<p>Keto gj\u00ebma e b\u00ebma bu\u00e7asin e tundin dynjane.<\/p>\n<p>Keto degjojne dhe keto ju dhembin deri ne palce te gjithe njerezve dhe me keto e vetem me keto do te merremi edhe ne.<\/p>\n<p>Sa per keto zhurmat e kano\u00e7eve me estrada numrash telefoni, le t\u2019ja leme te merret Rama vete me to tamam si ata matufet, qe luajne me jarg\u00ebt e veta!<\/p>","protected":false},"excerpt":{"rendered":"<p>Nga Petrit Vasili Estrada me numrat e telefonit, renia e Open Balkan, cmimet e tmerrshme etj\u2026! Edi Rama dje ne aksham filloi nje estrade te trashe me gjoja listat e numrave te telefonit, qe medemek shiten ne pazar. Estrada e Rames pritej, bile ne fakt duhet te fillonte edhe me shpejt, sepse duhej me patjeter [&hellip;]<\/p>\n","protected":false},"author":2031,"featured_media":157470,"comment_status":"closed","ping_status":"closed","sticky":false,"template":"","format":"standard","meta":{"footnotes":""},"categories":[241,231,235],"tags":[],"class_list":{"0":"post-264209","1":"post","2":"type-post","3":"status-publish","4":"format-standard","5":"has-post-thumbnail","7":"category-aktualitet","8":"category-lajme","9":"category-vendi"},"_links":{"self":[{"href":"https:\/\/zjarr.tv\/en\/wp-json\/wp\/v2\/posts\/264209","targetHints":{"allow":["GET"]}}],"collection":[{"href":"https:\/\/zjarr.tv\/en\/wp-json\/wp\/v2\/posts"}],"about":[{"href":"https:\/\/zjarr.tv\/en\/wp-json\/wp\/v2\/types\/post"}],"author":[{"embeddable":true,"href":"https:\/\/zjarr.tv\/en\/wp-json\/wp\/v2\/users\/2031"}],"replies":[{"embeddable":true,"href":"https:\/\/zjarr.tv\/en\/wp-json\/wp\/v2\/comments?post=264209"}],"version-history":[{"count":0,"href":"https:\/\/zjarr.tv\/en\/wp-json\/wp\/v2\/posts\/264209\/revisions"}],"wp:featuredmedia":[{"embeddable":true,"href":"https:\/\/zjarr.tv\/en\/wp-json\/wp\/v2\/media\/157470"}],"wp:attachment":[{"href":"https:\/\/zjarr.tv\/en\/wp-json\/wp\/v2\/media?parent=264209"}],"wp:term":[{"taxonomy":"category","embeddable":true,"href":"https:\/\/zjarr.tv\/en\/wp-json\/wp\/v2\/categories?post=264209"},{"taxonomy":"post_tag","embeddable":true,"href":"https:\/\/zjarr.tv\/en\/wp-json\/wp\/v2\/tags?post=264209"}],"curies":[{"name":"wp","href":"https:\/\/api.w.org\/{rel}","templated":true}]}}