{"id":264212,"date":"2022-06-13T11:27:12","date_gmt":"2022-06-13T09:27:12","guid":{"rendered":"https:\/\/zjarr.tv\/?p=264212"},"modified":"2022-06-13T11:27:12","modified_gmt":"2022-06-13T09:27:12","slug":"balliu-e-mbani-mend-arta-markun-kerkoi-qe-kajmaku-te-dilte-nga-burgu","status":"publish","type":"post","link":"https:\/\/zjarr.tv\/en\/balliu-e-mbani-mend-arta-markun-kerkoi-qe-kajmaku-te-dilte-nga-burgu\/","title":{"rendered":"Balliu: E mbani mend Arta Markun? K\u00ebrkoi q\u00eb Kajmaku t\u00eb dilte nga burgu"},"content":{"rendered":"<p>Ish-deputeti demokrat Klevis Balliu ka reaguar pas arrestimit n\u00eb Itali t\u00eb ish-kreut t\u00eb Bashkis\u00eb s\u00eb Vor\u00ebs, rilindasit Agim Kajmaku. N\u00eb postimin e tij n\u00eb Facebook, ai l\u00ebshon akuza ndaj ish-kryeprokurores Arta Marku, e cila \u2018k\u00ebrkoi uljen e mas\u00ebs s\u00eb siguris\u00eb t\u00eb Agim Kajmak kokain\u00ebs n\u00eb m\u00ebnyr\u00eb q\u00eb ai t\u00eb dilte nga burgu sepse nuk p\u00ebrb\u00ebnte rrezik\u2019.<\/p>\n<p>POSTIMI I PLOTE<\/p>\n<p>E mbani mend Kryeprokuroren e P\u00ebrgjithshme t\u00eb P\u00ebrkohshme q\u00eb prodhoi Reforma n\u00eb Drejt\u00ebsi?<\/p>\n<p>Zonja \u201cNuk e Di\u201d ose ndryshe Arta Marku ishte nj\u00ebkoh\u00ebsisht prokurorja q\u00eb k\u00ebrkoi uljen e mas\u00ebs s\u00eb siguris\u00eb t\u00eb Agim Kajmak kokain\u00ebs n\u00eb m\u00ebnyr\u00eb q\u00eb ai t\u00eb dilte nga burgu sepse nuk p\u00ebrb\u00ebnte rrezik sipas Arta Markut.<\/p>\n<p>Nd\u00ebrkoh\u00eb q\u00eb qytetar\u00ebt, t\u00eb cil\u00ebt protestojn\u00eb p\u00ebr sht\u00ebpit\u00eb e tyre, p\u00ebr liri dhe demokraci k\u00ebrkojn\u00eb arrest me burg sepse ata k\u00ebrc\u00ebnojn\u00eb pushtetin e kokain\u00ebs ku drejton Rama me Kajmak\u00ebt e tij.<\/p>","protected":false},"excerpt":{"rendered":"<p>Ish-deputeti demokrat Klevis Balliu ka reaguar pas arrestimit n\u00eb Itali t\u00eb ish-kreut t\u00eb Bashkis\u00eb s\u00eb Vor\u00ebs, rilindasit Agim Kajmaku. N\u00eb postimin e tij n\u00eb Facebook, ai l\u00ebshon akuza ndaj ish-kryeprokurores Arta Marku, e cila \u2018k\u00ebrkoi uljen e mas\u00ebs s\u00eb siguris\u00eb t\u00eb Agim Kajmak kokain\u00ebs n\u00eb m\u00ebnyr\u00eb q\u00eb ai t\u00eb dilte nga burgu sepse nuk p\u00ebrb\u00ebnte [&hellip;]<\/p>\n","protected":false},"author":2031,"featured_media":205624,"comment_status":"closed","ping_status":"closed","sticky":false,"template":"","format":"standard","meta":{"footnotes":""},"categories":[241,231,235],"tags":[],"class_list":{"0":"post-264212","1":"post","2":"type-post","3":"status-publish","4":"format-standard","5":"has-post-thumbnail","7":"category-aktualitet","8":"category-lajme","9":"category-vendi"},"_links":{"self":[{"href":"https:\/\/zjarr.tv\/en\/wp-json\/wp\/v2\/posts\/264212","targetHints":{"allow":["GET"]}}],"collection":[{"href":"https:\/\/zjarr.tv\/en\/wp-json\/wp\/v2\/posts"}],"about":[{"href":"https:\/\/zjarr.tv\/en\/wp-json\/wp\/v2\/types\/post"}],"author":[{"embeddable":true,"href":"https:\/\/zjarr.tv\/en\/wp-json\/wp\/v2\/users\/2031"}],"replies":[{"embeddable":true,"href":"https:\/\/zjarr.tv\/en\/wp-json\/wp\/v2\/comments?post=264212"}],"version-history":[{"count":0,"href":"https:\/\/zjarr.tv\/en\/wp-json\/wp\/v2\/posts\/264212\/revisions"}],"wp:featuredmedia":[{"embeddable":true,"href":"https:\/\/zjarr.tv\/en\/wp-json\/wp\/v2\/media\/205624"}],"wp:attachment":[{"href":"https:\/\/zjarr.tv\/en\/wp-json\/wp\/v2\/media?parent=264212"}],"wp:term":[{"taxonomy":"category","embeddable":true,"href":"https:\/\/zjarr.tv\/en\/wp-json\/wp\/v2\/categories?post=264212"},{"taxonomy":"post_tag","embeddable":true,"href":"https:\/\/zjarr.tv\/en\/wp-json\/wp\/v2\/tags?post=264212"}],"curies":[{"name":"wp","href":"https:\/\/api.w.org\/{rel}","templated":true}]}}