{"id":264226,"date":"2022-06-13T11:38:20","date_gmt":"2022-06-13T09:38:20","guid":{"rendered":"https:\/\/zjarr.tv\/?p=264226"},"modified":"2022-06-13T11:38:20","modified_gmt":"2022-06-13T09:38:20","slug":"harta-e-re-gjyqesore-maks-haxhia-nga-neser-avokatet-ne-greve-per-kater-dite-bojkotojme-seancat","status":"publish","type":"post","link":"https:\/\/zjarr.tv\/en\/harta-e-re-gjyqesore-maks-haxhia-nga-neser-avokatet-ne-greve-per-kater-dite-bojkotojme-seancat\/","title":{"rendered":"Harta e re gjyq\u00ebsore, Maks Haxhia: Nga nes\u00ebr avokat\u00ebt n\u00eb grev\u00eb p\u00ebr kat\u00ebr dit\u00eb, bojkotojm\u00eb seancat"},"content":{"rendered":"<p>Ashtu si\u00e7 u njoftua dhe dje, nga nes\u00ebr avokat\u00ebt e Shqip\u00ebris\u00eb do t\u00eb bojkotojn\u00eb \u00e7do process gjyq\u00ebsor.<\/p>\n<p>Kryetari i Dhom\u00ebs s\u00eb Avokat\u00ebve, Maks Haxhia th\u00eb p\u00ebr medie se nga nes\u00ebr avokat\u00ebt do t\u00eb bojkotojn\u00eb seancat gjyq\u00ebsore p\u00ebr kat\u00ebr dit\u00eb, pasi kund\u00ebrshtojn\u00eb hart\u00ebn e re gjyq\u00ebsore.<\/p>\n<p> \u201cKund\u00ebrshtojm\u00eb projektdraftin p\u00ebr hart\u00ebn. Dje u mor vendimi p\u00ebr miratimin e hart\u00ebs p\u00ebr nj\u00eb ndryshim, ku u tha se Gjykata e Sarand\u00ebs nuk do t\u00eb shkrihet dhe \u00e7\u00ebshtjes e Kruj\u00ebs nuk do gjykohen n\u00eb Durr\u00ebs, por n\u00eb Tiran\u00eb. N\u00eb k\u00ebto kushte duke u ndjer\u00eb t\u00eb fyer, p\u00ebr shkak t\u00eb ishte realitet q\u00eb k\u00ebto tavolina kan\u00eb qen\u00eb fars\u00eb propagandistike, p\u00ebr t\u00eb th\u00ebn\u00eb se \u00ebsht\u00eb marr\u00eb vendimi, n\u00eb k\u00ebto kushte vendos\u00ebm q\u00eb t\u00eb bojkotojm\u00eb t\u00eb gjitha proceset gjyq\u00ebsore, duke p\u00ebrfshir\u00eb dhe Gjykat\u00ebn e Lart\u00eb. Procesi nis nes\u00ebr deri t\u00eb premten.<\/p>\n<p>Kjo hart\u00eb c\u00ebnon r\u00ebnd\u00eb interesat e personave por dhe rrit kostot. Duke ardhur n\u00eb gjykat\u00eb t\u00eb Apelit t\u00eb Tiran\u00ebs. Do t\u00eb marr kopjen e vendimit n\u00eb fjal\u00eb dhe do ti b\u00ebj k\u00ebrkes\u00eb gjykat\u00ebs p\u00ebr t\u00eb caktuar nj\u00eb seanc\u00eb tjet\u00ebr. Masat e siguris\u00eb \u00ebsht\u00eb nj\u00eb pjes\u00eb e vendimit q\u00eb nuk do bojkotohen. Shpresojm\u00eb q\u00eb kjo grev\u00eb t\u00eb jet\u00eb kamban\u00eb p\u00ebr Ministrin\u00eb e Drejt\u00ebsis\u00eb q\u00eb t\u00eb merren parasysh k\u00ebrkesat tona t\u00eb cilat jan\u00eb interesa t\u00eb personave juridik\u00eb\u201d, tha Haxhia.<\/p>","protected":false},"excerpt":{"rendered":"<p>Ashtu si\u00e7 u njoftua dhe dje, nga nes\u00ebr avokat\u00ebt e Shqip\u00ebris\u00eb do t\u00eb bojkotojn\u00eb \u00e7do process gjyq\u00ebsor. Kryetari i Dhom\u00ebs s\u00eb Avokat\u00ebve, Maks Haxhia th\u00eb p\u00ebr medie se nga nes\u00ebr avokat\u00ebt do t\u00eb bojkotojn\u00eb seancat gjyq\u00ebsore p\u00ebr kat\u00ebr dit\u00eb, pasi kund\u00ebrshtojn\u00eb hart\u00ebn e re gjyq\u00ebsore. \u201cKund\u00ebrshtojm\u00eb projektdraftin p\u00ebr hart\u00ebn. Dje u mor vendimi p\u00ebr miratimin [&hellip;]<\/p>\n","protected":false},"author":2031,"featured_media":264227,"comment_status":"closed","ping_status":"closed","sticky":false,"template":"","format":"standard","meta":{"footnotes":""},"categories":[241,231,235],"tags":[],"class_list":{"0":"post-264226","1":"post","2":"type-post","3":"status-publish","4":"format-standard","5":"has-post-thumbnail","7":"category-aktualitet","8":"category-lajme","9":"category-vendi"},"_links":{"self":[{"href":"https:\/\/zjarr.tv\/en\/wp-json\/wp\/v2\/posts\/264226","targetHints":{"allow":["GET"]}}],"collection":[{"href":"https:\/\/zjarr.tv\/en\/wp-json\/wp\/v2\/posts"}],"about":[{"href":"https:\/\/zjarr.tv\/en\/wp-json\/wp\/v2\/types\/post"}],"author":[{"embeddable":true,"href":"https:\/\/zjarr.tv\/en\/wp-json\/wp\/v2\/users\/2031"}],"replies":[{"embeddable":true,"href":"https:\/\/zjarr.tv\/en\/wp-json\/wp\/v2\/comments?post=264226"}],"version-history":[{"count":0,"href":"https:\/\/zjarr.tv\/en\/wp-json\/wp\/v2\/posts\/264226\/revisions"}],"wp:featuredmedia":[{"embeddable":true,"href":"https:\/\/zjarr.tv\/en\/wp-json\/wp\/v2\/media\/264227"}],"wp:attachment":[{"href":"https:\/\/zjarr.tv\/en\/wp-json\/wp\/v2\/media?parent=264226"}],"wp:term":[{"taxonomy":"category","embeddable":true,"href":"https:\/\/zjarr.tv\/en\/wp-json\/wp\/v2\/categories?post=264226"},{"taxonomy":"post_tag","embeddable":true,"href":"https:\/\/zjarr.tv\/en\/wp-json\/wp\/v2\/tags?post=264226"}],"curies":[{"name":"wp","href":"https:\/\/api.w.org\/{rel}","templated":true}]}}