{"id":264230,"date":"2022-06-13T11:44:57","date_gmt":"2022-06-13T09:44:57","guid":{"rendered":"https:\/\/zjarr.tv\/?p=264230"},"modified":"2022-06-13T11:44:57","modified_gmt":"2022-06-13T09:44:57","slug":"andri-ymeri-akuza-kpk-se-komisioneri-caktoi-seancen-per-24-ore-vendimi-eshte-i-paracaktuar","status":"publish","type":"post","link":"https:\/\/zjarr.tv\/en\/andri-ymeri-akuza-kpk-se-komisioneri-caktoi-seancen-per-24-ore-vendimi-eshte-i-paracaktuar\/","title":{"rendered":"Andri Ymeri \u2018akuza\u2019 KPK-s\u00eb: Komisioneri caktoi seanc\u00ebn p\u00ebr 24 or\u00eb, vendimi \u00ebsht\u00eb i paracaktuar\u2026"},"content":{"rendered":"<p>N\u00eb Komisionin e Pavarur t\u00eb Kualifikimit \u00ebsht\u00eb duke u zhvilluar seanca d\u00ebgjimore ndaj gjyqtarit t\u00eb Shkodr\u00ebs Andri Ymeri, t\u00eb cilit tre vite m\u00eb par\u00eb iu dogj edhe automjeti, tip \u201cBenz\u201d nga dy persona.<\/p>\n<p>P\u00ebrpara an\u00ebtar\u00ebve t\u00eb KPK-s\u00eb, Ymeraj \u00ebsht\u00eb shprehur se trupa gjykuese e ka njoftuar me email n\u00eb 22 maj 2022 p\u00ebr seanc\u00ebn gjyq\u00ebsore dhe hodhi akuzat se vendimi \u00ebsht\u00eb marr\u00eb para se t\u00eb shqyrtohen provat.<\/p>\n<p>Ymeri tha po ashtu\u00a0 se komisioneri i KPK-s\u00eb nuk mund t\u00eb caktoj\u00eb seanc\u00eb p\u00ebr 24 or\u00eb pa i marr\u00eb n\u00eb shqyrtim mir\u00eb materialet, duke shtuar se nuk \u00ebsht\u00eb d\u00ebgjuar aspak nga trupa gjykuese.<\/p>\n<p>\u201cPra i bie q\u00eb komisioneri relator i ka hartuar konkluzionet brenda pak or\u00ebve dhe m\u00eb pas m\u00eb kan\u00eb caktuar seanc\u00ebn. E kam aft\u00ebsin\u00eb p\u00ebr t\u00eb kuptuar n\u00ebse ai ka aft\u00ebsin\u00eb p\u00ebr ti lexuar konkluzionet q\u00eb i nisa un\u00eb p\u00ebr 12 or\u00eb. Cili \u00ebsht\u00eb subjekti misterioz q\u00eb e ka ndihmuar komisionerin e KPK q\u00eb t\u00eb lexoj\u00eb k\u00ebto materiale p\u00ebr 24 or\u00eb e t\u00eb caktoj\u00eb seanc\u00eb menj\u00ebher\u00eb?<\/p>\n<p>I k\u00ebrkoj komisionit q\u00eb gjat\u00eb gjykimit administrativ t\u00eb mos zbatoj\u00eb procedura t\u00eb paparashikuara n\u00eb ligj me synimin p\u00ebr t\u00eb shkaktuar efekt surpiz\u00eb mbasi do b\u00ebj gjithcka q\u00eb m\u00eb jep ligji p\u00ebr tu mbrojtur. N\u00eb cil\u00ebn pik\u00eb t\u00eb ligjit kodi i procedur\u00ebs apo kodi i procedur\u00ebs civile, e ka gjetur KPK m\u00ebnyr\u00ebn se si po m\u00eb gjykon mua? Trupa po i merr mekanikisht provat e reja pasi vler\u00ebsimin p\u00ebr provat duhet ta b\u00ebj\u00eb mbasi t\u00eb mbyllet seanca d\u00ebgjimore. Kuptoj q\u00eb trupa gjykuese e ka marr\u00eb vendimin pa m\u00eb d\u00ebgjuar fare\u201d-u shpreh Ymeri.<\/p>\n<p>Kujtojm\u00eb se Ymeri \u00ebsht\u00eb nj\u00eb em\u00ebr i njohur n\u00eb media p\u00ebr disa ngjarje t\u00eb bujshme t\u00eb lidhura me detyr\u00ebn, 3 vite m\u00eb par\u00eb ishte denoncuar p\u00ebr ryshfet dhe d\u00ebshmoi n\u00eb polici pasi disa persona i shkrumbuan automjetin.<\/p>","protected":false},"excerpt":{"rendered":"<p>N\u00eb Komisionin e Pavarur t\u00eb Kualifikimit \u00ebsht\u00eb duke u zhvilluar seanca d\u00ebgjimore ndaj gjyqtarit t\u00eb Shkodr\u00ebs Andri Ymeri, t\u00eb cilit tre vite m\u00eb par\u00eb iu dogj edhe automjeti, tip \u201cBenz\u201d nga dy persona. P\u00ebrpara an\u00ebtar\u00ebve t\u00eb KPK-s\u00eb, Ymeraj \u00ebsht\u00eb shprehur se trupa gjykuese e ka njoftuar me email n\u00eb 22 maj 2022 p\u00ebr seanc\u00ebn gjyq\u00ebsore [&hellip;]<\/p>\n","protected":false},"author":2020,"featured_media":264231,"comment_status":"closed","ping_status":"closed","sticky":false,"template":"","format":"standard","meta":{"footnotes":""},"categories":[241,231],"tags":[],"class_list":{"0":"post-264230","1":"post","2":"type-post","3":"status-publish","4":"format-standard","5":"has-post-thumbnail","7":"category-aktualitet","8":"category-lajme"},"_links":{"self":[{"href":"https:\/\/zjarr.tv\/en\/wp-json\/wp\/v2\/posts\/264230","targetHints":{"allow":["GET"]}}],"collection":[{"href":"https:\/\/zjarr.tv\/en\/wp-json\/wp\/v2\/posts"}],"about":[{"href":"https:\/\/zjarr.tv\/en\/wp-json\/wp\/v2\/types\/post"}],"author":[{"embeddable":true,"href":"https:\/\/zjarr.tv\/en\/wp-json\/wp\/v2\/users\/2020"}],"replies":[{"embeddable":true,"href":"https:\/\/zjarr.tv\/en\/wp-json\/wp\/v2\/comments?post=264230"}],"version-history":[{"count":0,"href":"https:\/\/zjarr.tv\/en\/wp-json\/wp\/v2\/posts\/264230\/revisions"}],"wp:featuredmedia":[{"embeddable":true,"href":"https:\/\/zjarr.tv\/en\/wp-json\/wp\/v2\/media\/264231"}],"wp:attachment":[{"href":"https:\/\/zjarr.tv\/en\/wp-json\/wp\/v2\/media?parent=264230"}],"wp:term":[{"taxonomy":"category","embeddable":true,"href":"https:\/\/zjarr.tv\/en\/wp-json\/wp\/v2\/categories?post=264230"},{"taxonomy":"post_tag","embeddable":true,"href":"https:\/\/zjarr.tv\/en\/wp-json\/wp\/v2\/tags?post=264230"}],"curies":[{"name":"wp","href":"https:\/\/api.w.org\/{rel}","templated":true}]}}