{"id":264243,"date":"2022-06-13T12:06:09","date_gmt":"2022-06-13T10:06:09","guid":{"rendered":"https:\/\/zjarr.tv\/?p=264243"},"modified":"2022-06-13T12:06:09","modified_gmt":"2022-06-13T10:06:09","slug":"eksperti-grek-ushtria-turke-te-mos-guxoje-me-ne-nese-kalon-vijen-e-kuqe-e-presin-pasoja-te-renda","status":"publish","type":"post","link":"https:\/\/zjarr.tv\/en\/eksperti-grek-ushtria-turke-te-mos-guxoje-me-ne-nese-kalon-vijen-e-kuqe-e-presin-pasoja-te-renda\/","title":{"rendered":"Eksperti grek: Ushtria turke t\u00eb mos guxoj\u00eb me ne! N\u00ebse kalon \u201cvij\u00ebn e kuqe\u201d, e presin pasoja t\u00eb r\u00ebnda"},"content":{"rendered":"<p>Turqia dhe Greqia jan\u00eb n\u00eb nj\u00eb situat\u00eb tensioni n\u00eb nj\u00eb koh\u00eb kur turqit k\u00ebrkojn\u00eb \u00e7militarizimin e ishujve p\u00ebrball\u00eb tok\u00ebs turke ashtu si\u00e7 ishte parashikuar n\u00eb Traktatin e Lozan\u00ebs.<\/p>\n<p>Pak dit\u00eb m\u00eb par\u00eb, grek\u00ebt theksuan se ishin t\u00eb p\u00ebrgatitur p\u00ebr \u00e7do skenar sa i p\u00ebrket Turqis\u00eb, p\u00ebrfshi edhe p\u00ebrballjen e armatosur n\u00eb ishuj duke b\u00ebr\u00eb ushtrin\u00eb gati, nd\u00ebrkoh\u00eb q\u00eb politika dhe media n\u00eb Turqi jan\u00eb duke p\u00ebrgatitur qytetar\u00ebt p\u00ebr ngjarjet q\u00eb mund t\u00eb vijojn\u00eb.<\/p>\n<p>Greqia ka b\u00ebr\u00eb disa blerje t\u00eb m\u00ebdha n\u00eb lidhje me infrastruktur\u00ebn ushtarake s\u00ebfundmi duke sfiduar jo pak Turqin\u00eb. Nisur nga situata n\u00eb fjal\u00eb, eksperti i \u00e7\u00ebshtjeve nd\u00ebrkomb\u00ebtare Christos Argyriou ka theksuar p\u00ebr mediat lokale se n\u00ebse ndodh q\u00eb \u201cushtria turke kalon vij\u00ebn e kuqe me Greqin\u00eb, ajo nuk do t\u00eb ekzistoj\u00eb m\u00eb n\u00eb gjendjen e tanishme n\u00eb t\u00eb ardhmen\u201d, raporton abcnews.al.<\/p>\n<p>Sipas tij, ushtria turke \u00ebsht\u00eb e fuqishme, por edhe grek\u00ebt jan\u00eb forcuar shum\u00eb vitet e fundit dhe nj\u00eb luft\u00eb mes tyre do t\u00eb b\u00ebnt\u00eb q\u00eb Turqia t\u00eb p\u00ebsonte kosto t\u00eb m\u00ebdha.<\/p>","protected":false},"excerpt":{"rendered":"<p>Turqia dhe Greqia jan\u00eb n\u00eb nj\u00eb situat\u00eb tensioni n\u00eb nj\u00eb koh\u00eb kur turqit k\u00ebrkojn\u00eb \u00e7militarizimin e ishujve p\u00ebrball\u00eb tok\u00ebs turke ashtu si\u00e7 ishte parashikuar n\u00eb Traktatin e Lozan\u00ebs. Pak dit\u00eb m\u00eb par\u00eb, grek\u00ebt theksuan se ishin t\u00eb p\u00ebrgatitur p\u00ebr \u00e7do skenar sa i p\u00ebrket Turqis\u00eb, p\u00ebrfshi edhe p\u00ebrballjen e armatosur n\u00eb ishuj duke b\u00ebr\u00eb ushtrin\u00eb [&hellip;]<\/p>\n","protected":false},"author":2020,"featured_media":264244,"comment_status":"closed","ping_status":"closed","sticky":false,"template":"","format":"standard","meta":{"footnotes":""},"categories":[241,5380,231],"tags":[],"class_list":{"0":"post-264243","1":"post","2":"type-post","3":"status-publish","4":"format-standard","5":"has-post-thumbnail","7":"category-aktualitet","8":"category-kryesore","9":"category-lajme"},"_links":{"self":[{"href":"https:\/\/zjarr.tv\/en\/wp-json\/wp\/v2\/posts\/264243","targetHints":{"allow":["GET"]}}],"collection":[{"href":"https:\/\/zjarr.tv\/en\/wp-json\/wp\/v2\/posts"}],"about":[{"href":"https:\/\/zjarr.tv\/en\/wp-json\/wp\/v2\/types\/post"}],"author":[{"embeddable":true,"href":"https:\/\/zjarr.tv\/en\/wp-json\/wp\/v2\/users\/2020"}],"replies":[{"embeddable":true,"href":"https:\/\/zjarr.tv\/en\/wp-json\/wp\/v2\/comments?post=264243"}],"version-history":[{"count":0,"href":"https:\/\/zjarr.tv\/en\/wp-json\/wp\/v2\/posts\/264243\/revisions"}],"wp:featuredmedia":[{"embeddable":true,"href":"https:\/\/zjarr.tv\/en\/wp-json\/wp\/v2\/media\/264244"}],"wp:attachment":[{"href":"https:\/\/zjarr.tv\/en\/wp-json\/wp\/v2\/media?parent=264243"}],"wp:term":[{"taxonomy":"category","embeddable":true,"href":"https:\/\/zjarr.tv\/en\/wp-json\/wp\/v2\/categories?post=264243"},{"taxonomy":"post_tag","embeddable":true,"href":"https:\/\/zjarr.tv\/en\/wp-json\/wp\/v2\/tags?post=264243"}],"curies":[{"name":"wp","href":"https:\/\/api.w.org\/{rel}","templated":true}]}}