{"id":264284,"date":"2022-06-13T15:14:16","date_gmt":"2022-06-13T13:14:16","guid":{"rendered":"https:\/\/zjarr.tv\/?p=264284"},"modified":"2022-06-13T15:14:16","modified_gmt":"2022-06-13T13:14:16","slug":"shqiptaret-i-vendosin-zjarrin-rrugeve-te-new-york-ut-e-veshin-me-flamujt-kuq-e-zi-dhe-kendojne-himnin","status":"publish","type":"post","link":"https:\/\/zjarr.tv\/en\/shqiptaret-i-vendosin-zjarrin-rrugeve-te-new-york-ut-e-veshin-me-flamujt-kuq-e-zi-dhe-kendojne-himnin\/","title":{"rendered":"Shqiptar\u00ebt i vendosin \u201czjarrin\u201d rrug\u00ebve t\u00eb New York-ut, e veshin me flamujt kuq e zi dhe k\u00ebndojn\u00eb himnin"},"content":{"rendered":"<p>Si \u00e7do vit tjet\u00ebr edhe k\u00ebt\u00eb vit shqiptar\u00ebt n\u00eb Shtetet e Bashkuara t\u00eb Amerik\u00ebs kan\u00eb mbajtur parad\u00ebn e tyre n\u00eb rrug\u00ebt e Nju Jorkut.<\/p>\n<p>Si \u00e7do qershor tjet\u00ebr, rrug\u00ebt u mbush\u00ebn me flamurin shqiptar dhe me veshjet tradicionale shqiptare, apo edhe me ato kuq e zi. T\u00eb shumt\u00eb ishin emrat e njohur t\u00eb fushave t\u00eb ndryshme q\u00eb mor\u00ebn pjes\u00eb n\u00eb fest\u00ebn e p\u00ebrvitshme dhe i vendos\u00ebn \u201czjarrin\u201d rrug\u00ebve me k\u00ebng\u00ebt shqiptare.<\/p>\n<p>Festa ka zgjatur p\u00ebr disa or\u00eb, ku nuk kan\u00eb munguar simbolet tradicionale, vallet, duke b\u00ebr\u00eb jehon\u00eb n\u00eb media dhe rrjetet sociale.<\/p>","protected":false},"excerpt":{"rendered":"<p>Si \u00e7do vit tjet\u00ebr edhe k\u00ebt\u00eb vit shqiptar\u00ebt n\u00eb Shtetet e Bashkuara t\u00eb Amerik\u00ebs kan\u00eb mbajtur parad\u00ebn e tyre n\u00eb rrug\u00ebt e Nju Jorkut. Si \u00e7do qershor tjet\u00ebr, rrug\u00ebt u mbush\u00ebn me flamurin shqiptar dhe me veshjet tradicionale shqiptare, apo edhe me ato kuq e zi. T\u00eb shumt\u00eb ishin emrat e njohur t\u00eb fushave t\u00eb [&hellip;]<\/p>\n","protected":false},"author":2020,"featured_media":264285,"comment_status":"closed","ping_status":"closed","sticky":false,"template":"","format":"standard","meta":{"footnotes":""},"categories":[241,5380,231],"tags":[],"class_list":{"0":"post-264284","1":"post","2":"type-post","3":"status-publish","4":"format-standard","5":"has-post-thumbnail","7":"category-aktualitet","8":"category-kryesore","9":"category-lajme"},"_links":{"self":[{"href":"https:\/\/zjarr.tv\/en\/wp-json\/wp\/v2\/posts\/264284","targetHints":{"allow":["GET"]}}],"collection":[{"href":"https:\/\/zjarr.tv\/en\/wp-json\/wp\/v2\/posts"}],"about":[{"href":"https:\/\/zjarr.tv\/en\/wp-json\/wp\/v2\/types\/post"}],"author":[{"embeddable":true,"href":"https:\/\/zjarr.tv\/en\/wp-json\/wp\/v2\/users\/2020"}],"replies":[{"embeddable":true,"href":"https:\/\/zjarr.tv\/en\/wp-json\/wp\/v2\/comments?post=264284"}],"version-history":[{"count":0,"href":"https:\/\/zjarr.tv\/en\/wp-json\/wp\/v2\/posts\/264284\/revisions"}],"wp:featuredmedia":[{"embeddable":true,"href":"https:\/\/zjarr.tv\/en\/wp-json\/wp\/v2\/media\/264285"}],"wp:attachment":[{"href":"https:\/\/zjarr.tv\/en\/wp-json\/wp\/v2\/media?parent=264284"}],"wp:term":[{"taxonomy":"category","embeddable":true,"href":"https:\/\/zjarr.tv\/en\/wp-json\/wp\/v2\/categories?post=264284"},{"taxonomy":"post_tag","embeddable":true,"href":"https:\/\/zjarr.tv\/en\/wp-json\/wp\/v2\/tags?post=264284"}],"curies":[{"name":"wp","href":"https:\/\/api.w.org\/{rel}","templated":true}]}}