{"id":264307,"date":"2022-06-13T19:10:16","date_gmt":"2022-06-13T17:10:16","guid":{"rendered":"https:\/\/zjarr.tv\/?p=264307"},"modified":"2022-06-13T19:10:16","modified_gmt":"2022-06-13T17:10:16","slug":"antikorrupsioni-rama-shqiperia-ka-filluar-te-ndahet-shume-qarte-nga-faza-ku-korrupsioni-ishte-sistemi-i-marredhenieve-te-qytetarit-me-shtetin","status":"publish","type":"post","link":"https:\/\/zjarr.tv\/en\/antikorrupsioni-rama-shqiperia-ka-filluar-te-ndahet-shume-qarte-nga-faza-ku-korrupsioni-ishte-sistemi-i-marredhenieve-te-qytetarit-me-shtetin\/","title":{"rendered":"Antikorrupsioni, Rama: Shqip\u00ebria ka filluar t\u00eb ndahet shum\u00eb qart\u00eb nga faza, ku korrupsioni ishte sistemi i marr\u00ebdh\u00ebnieve t\u00eb qytetarit me shtetin"},"content":{"rendered":"<p>Po zhvillohet k\u00ebt\u00eb t\u00eb h\u00ebn\u00eb konferenca e par\u00eb komb\u00ebtare e antikorrupsionit, ku i pranish\u00ebm \u00ebsht\u00eb edhe kryeministri Edi Rama, si dhe ambasadorja amerikane, Yuri Kim.<\/p>\n<p>N\u00eb k\u00ebt\u00eb aktivitet do t\u00eb publikohen gjetjet kryesore t\u00eb Raportit Vjetor t\u00eb Antikorrupsionit 2021: Arritjet dhe sfidat.<\/p>\n<p>N\u00eb fjal\u00ebn e tij, kryeministri Rama tha se korrupsioni \u00ebsht\u00eb nj\u00eb \u00e7\u00ebshtje q\u00eb nuk \u00ebsht\u00eb zhvilluar as n\u00eb vendet m\u00eb t\u00eb zhvilluara, por sipas tij, Shqip\u00ebria ka filluar t\u00eb ndahet shum\u00eb qart\u00eb nga nj\u00eb faz\u00eb, ku korrupsioni ishte sistem i marr\u00ebdh\u00ebnieve t\u00eb qytetarit me shtetin n\u00eb \u00e7do kontakt t\u00eb tij me t\u00eb.<\/p>\n<p>\u201cKonferenca synon t\u00eb zbardh\u00eb rezultatet dhe problematikat n\u00eb k\u00ebt\u00eb betej\u00eb t\u00eb p\u00ebrditshme dhe p\u00ebrgjat\u00eb gjith\u00eb frontit t\u00eb marr\u00ebdh\u00ebnies s\u00eb shtetit me qytetar\u00ebt, dhe nga ana tjet\u00ebr, t\u00eb ndaj\u00eb k\u00ebto rezultate e problematika me t\u00eb gjith\u00eb drejtuesit e sh\u00ebrbimeve publike, por edhe me p\u00ebrfaq\u00ebsuesit e drejtorive apo t\u00eb zyrave t\u00eb caktuara t\u00eb sh\u00ebrbimeve publike. E pam\u00eb t\u00eb udh\u00ebs t\u00eb shoq\u00ebronim nxjerrjen e raportit t\u00eb antikorrupsionit me k\u00ebt\u00eb konferenc\u00eb, sepse besojm\u00eb q\u00eb \u00ebsht\u00eb shum\u00eb e r\u00ebnd\u00ebsishme t\u00eb ndajm\u00eb me publikun edhe v\u00ebshtir\u00ebsit\u00eb, si dhe t\u00eb p\u00ebrpiqemi t\u00eb vendosim n\u00eb nj\u00eb perspektiv\u00eb k\u00ebt\u00eb sfid\u00eb t\u00eb vazhdueshme, e cila asnj\u00ebher\u00eb nuk mbaron, pasi n\u00eb asnj\u00eb shtet t\u00eb bot\u00ebs, q\u00eb nga ato m\u00eb t\u00eb zhvilluara, \u00e7\u00ebshtja e korrupsionit nuk \u00ebsht\u00eb zgjidhur p\u00ebrfundimisht, por p\u00ebr t\u00eb kuptuar se Shqip\u00ebria ka filluar t\u00eb ndahet shum\u00eb qart\u00eb nga nj\u00eb faz\u00eb, kur korrupsioni ishte sistem i marr\u00ebdh\u00ebnieve t\u00eb qytetarit me shtetin n\u00eb \u00e7do kontakt t\u00eb tij me t\u00eb. Ka qen\u00eb deri para pak vitesh, koha kur t\u00eb gjitha sh\u00ebrbimet p\u00ebr qytetar\u00ebt jepeshin me kontakt t\u00eb drejtp\u00ebrdrejt\u00eb dhe kur sh\u00ebrbimet e p\u00ebrmuajshme, si pagesa e dritave, qytetar\u00ebt duhet t\u00eb q\u00ebndronin n\u00eb radh\u00eb t\u00eb gjata, n\u00eb shi apo diel, q\u00eb t\u2019ju jepej mund\u00ebsia t\u00eb paguanin\u201d, tha Rama.<\/p>","protected":false},"excerpt":{"rendered":"<p>Po zhvillohet k\u00ebt\u00eb t\u00eb h\u00ebn\u00eb konferenca e par\u00eb komb\u00ebtare e antikorrupsionit, ku i pranish\u00ebm \u00ebsht\u00eb edhe kryeministri Edi Rama, si dhe ambasadorja amerikane, Yuri Kim. N\u00eb k\u00ebt\u00eb aktivitet do t\u00eb publikohen gjetjet kryesore t\u00eb Raportit Vjetor t\u00eb Antikorrupsionit 2021: Arritjet dhe sfidat. N\u00eb fjal\u00ebn e tij, kryeministri Rama tha se korrupsioni \u00ebsht\u00eb nj\u00eb \u00e7\u00ebshtje q\u00eb [&hellip;]<\/p>\n","protected":false},"author":2030,"featured_media":264308,"comment_status":"closed","ping_status":"closed","sticky":false,"template":"","format":"standard","meta":{"footnotes":""},"categories":[241,3366,5380,231,1454],"tags":[],"class_list":{"0":"post-264307","1":"post","2":"type-post","3":"status-publish","4":"format-standard","5":"has-post-thumbnail","7":"category-aktualitet","8":"category-koment","9":"category-kryesore","10":"category-lajme","11":"category-politike"},"_links":{"self":[{"href":"https:\/\/zjarr.tv\/en\/wp-json\/wp\/v2\/posts\/264307","targetHints":{"allow":["GET"]}}],"collection":[{"href":"https:\/\/zjarr.tv\/en\/wp-json\/wp\/v2\/posts"}],"about":[{"href":"https:\/\/zjarr.tv\/en\/wp-json\/wp\/v2\/types\/post"}],"author":[{"embeddable":true,"href":"https:\/\/zjarr.tv\/en\/wp-json\/wp\/v2\/users\/2030"}],"replies":[{"embeddable":true,"href":"https:\/\/zjarr.tv\/en\/wp-json\/wp\/v2\/comments?post=264307"}],"version-history":[{"count":0,"href":"https:\/\/zjarr.tv\/en\/wp-json\/wp\/v2\/posts\/264307\/revisions"}],"wp:featuredmedia":[{"embeddable":true,"href":"https:\/\/zjarr.tv\/en\/wp-json\/wp\/v2\/media\/264308"}],"wp:attachment":[{"href":"https:\/\/zjarr.tv\/en\/wp-json\/wp\/v2\/media?parent=264307"}],"wp:term":[{"taxonomy":"category","embeddable":true,"href":"https:\/\/zjarr.tv\/en\/wp-json\/wp\/v2\/categories?post=264307"},{"taxonomy":"post_tag","embeddable":true,"href":"https:\/\/zjarr.tv\/en\/wp-json\/wp\/v2\/tags?post=264307"}],"curies":[{"name":"wp","href":"https:\/\/api.w.org\/{rel}","templated":true}]}}