{"id":264312,"date":"2022-06-13T19:13:47","date_gmt":"2022-06-13T17:13:47","guid":{"rendered":"https:\/\/zjarr.tv\/?p=264312"},"modified":"2022-06-13T19:13:47","modified_gmt":"2022-06-13T17:13:47","slug":"kush-e-mendonte-se-do-te-ndeshkoheshin-figura-politike-te-rangut-me-te-larte-rama-harron-sulmin-ndaj-spak-prokuroria-teresisht-e-fokusuar-te-misioni-i-saj","status":"publish","type":"post","link":"https:\/\/zjarr.tv\/en\/kush-e-mendonte-se-do-te-ndeshkoheshin-figura-politike-te-rangut-me-te-larte-rama-harron-sulmin-ndaj-spak-prokuroria-teresisht-e-fokusuar-te-misioni-i-saj\/","title":{"rendered":"\u201cKush e mendonte se do t\u00eb nd\u00ebshkoheshin figura politike t\u00eb rangut m\u00eb t\u00eb lart\u00eb\u201d, Rama harron sulmin ndaj SPAK: Prokuroria t\u00ebr\u00ebsisht e fokusuar te misioni i saj"},"content":{"rendered":"<p>Kryeministri Edi Rama ka folur sot p\u00ebr reformimin e sistemit t\u00eb drejt\u00ebsis\u00eb dhe nd\u00ebshkimin e figurave t\u00eb rangut t\u00eb lart\u00eb politik dhe p\u00ebr nj% prokurori t\u00eb fokusuar t\u00ebr\u00ebsisht te misioni i saj.<\/p>\n<p>N\u00eb Konferenc\u00ebn Komb\u00ebtare t\u00eb Antikorrupsionit, Rama tha se kush e mendonte n\u00eb k\u00ebt\u00eb vend deri pak vite m\u00eb par\u00eb se do t\u00eb vinte dita vet\u00ebm pak vite m\u00eb pas nga reforma n\u00eb drejt\u00ebsi q\u00eb askush nuk do ndihej i papreksh\u00ebm dhe q\u00eb an\u00ebtar\u00eb qeverie, p\u00ebrfaq\u00ebsues t\u00eb zgjedhur n\u00eb pushtetin vendor, deputet\u00eb do t\u00eb merreshin n\u00ebn hetim dhe do t\u00eb akuzoheshin nga nj\u00eb prokurori t\u00ebr\u00ebsisht e ndar\u00eb nga politika dhe t\u00ebr\u00ebsisht e fokusuar te misioni i saj p\u00ebr t\u00eb b\u00ebr\u00eb drejt\u00ebsi.<\/p>\n<p>Kujtojm\u00eb se n\u00eb konferenc\u00eb merr pjes\u00eb dhe ambasadorja e SHBA-ve Yuri Kim.<\/p>\n<p>\u201c300 mij\u00eb kontakte fizike n\u00eb muaj mes qyt dhe shtetit. Sistemi ishte i kapur t\u00ebr\u00ebsisht nga kanceri i nj\u00eb drejt\u00ebsie t\u00ebr\u00ebsisht t\u00eb korruptuar, gjer\u00ebsisht t\u00eb kalbur, t\u00eb transformuar n\u00eb nj\u00eb Pazar ku e drejta shitej ose blihej. Ku pavar\u00ebsisht se brenda sistemit kishte si kudo njer\u00ebz t\u00eb zot\u00eb dhe t\u00eb ndersh\u00ebm, t\u00ebr\u00ebsia e sistemit e b\u00ebnte t\u00eb pamundur.<\/p>\n<p>Ne u fokusuam n\u00eb dy drejtime, nga nj\u00ebra an\u00eb reformimi i sistemit t\u00eb drejt\u00ebsis\u00eb dhe nga ana tjet\u00ebr, reformimi i sistemit t\u00eb sh\u00ebrbimeve. P\u00ebr reformimin e sistemit t\u00eb drejt\u00ebsis\u00eb, do doja t\u00eb thosha di\u00e7ka p\u00ebr t\u00eb cil\u00ebn biem dakord t\u00eb gjith\u00eb pavar\u00ebsisht bindjeve dhe rezervave dhe madje pavar\u00ebsisht simpative q\u00eb mund t\u00eb kemi n\u00eb aspektin politik. Kush e mendonte deri pak vite m\u00eb par\u00eb se n\u00eb k\u00ebt\u00eb vend do t\u00eb nd\u00ebshkoheshin nga drejt\u00ebsia figura politike t\u00eb rangut m\u00eb t\u00eb lart\u00eb. Kush e mendonte n\u00eb k\u00ebt\u00eb vend deri pak vite m\u00eb par\u00eb se do t\u00eb vinte dita vet\u00ebm pak vite m\u00eb pas nga reforma n\u00eb drejt\u00ebsi q\u00eb askush nuk do ndihej i papreksh\u00ebm dhe q\u00eb an\u00ebtar\u00eb qeverie, p\u00ebrfaq\u00ebsues t\u00eb zgjedhur n\u00eb pushtetin vendor, deputet\u00eb do t\u00eb merreshin n\u00ebn hetim dhe do t\u00eb akuzoheshin nga nj\u00eb prokurori t\u00ebr\u00ebsisht e ndar\u00eb nga politika dhe t\u00ebr\u00ebsisht e fokusuar te misioni i saj p\u00ebr t\u00eb b\u00ebr\u00eb drejt\u00ebsi. Nuk besoj se dikush n\u00eb k\u00ebt\u00eb sall\u00eb deri para pak vitesh do i p\u00ebrgjigjej pyetjes pozitivisht, a e beson se pas pak vitesh do t\u00eb ndodh\u00eb k\u00ebshtu, dhe jo kryetar\u00eb qeverie, kryebashkiak\u00eb apo deputet\u00eb t\u00eb partis\u00eb n\u00eb pushtet. Kemi pasur dikur an\u00ebtar\u00eb qeverie q\u00eb pushkatoheshin, por ishte sistem tjet\u00ebr. K\u00ebtu flasim p\u00ebr nj\u00eb sistem ku pushtetet jan\u00eb t\u00eb ndara dhe ku ndarja e pushteteve mish\u00ebrohet n\u00eb veprimtarin\u00eb e pavarur t\u00eb organeve t\u00eb drejt\u00ebsis\u00eb n\u00eb raport me pushtetin ekzekutiv, apo n\u00eb raport dhe me pushtetin legjislativ\u201d, deklaroi Rama.<\/p>\n<p>N\u00eb kongresin e PS n\u00eb prill, si dhe n\u00eb Asambleja Komb\u00ebtare e PS m\u00eb 7 maj kryeministri Edi Rama sulmoi me tone t\u00eb ashpra Prokurorin\u00eb e Posa\u00e7me kund\u00ebr korrupsionit dhe Krimit t\u00eb Organizuar, SPAK, se nuk po vepron ndaj gjyqtar\u00ebve dhe prokuror\u00ebve t\u00eb nxjerr\u00eb jasht\u00eb sistemit nga Vettingu, e ve\u00e7an\u00ebrisht ndaj ish kryeministrit Sali Berisha i shpallur \u201cnon grata\u201d nga Shtetet e Bashkuara.<\/p>\n<p>Kreu i PS la t\u00eb kuptohej s\u00ebrish se SPAK po godet m\u00eb shum\u00eb nga e majta, duke theksuar megjithat\u00eb se partia e tij ka pasur gjithnj\u00eb t\u00eb nj\u00ebjtin q\u00ebndrim sa her\u00eb q\u00eb \u00ebsht\u00eb dashur t\u00eb merret p\u00ebrpara drejt\u00ebsis\u00eb cilido pjes\u00ebtar i tyre.<\/p>","protected":false},"excerpt":{"rendered":"<p>Kryeministri Edi Rama ka folur sot p\u00ebr reformimin e sistemit t\u00eb drejt\u00ebsis\u00eb dhe nd\u00ebshkimin e figurave t\u00eb rangut t\u00eb lart\u00eb politik dhe p\u00ebr nj% prokurori t\u00eb fokusuar t\u00ebr\u00ebsisht te misioni i saj. N\u00eb Konferenc\u00ebn Komb\u00ebtare t\u00eb Antikorrupsionit, Rama tha se kush e mendonte n\u00eb k\u00ebt\u00eb vend deri pak vite m\u00eb par\u00eb se do t\u00eb vinte [&hellip;]<\/p>\n","protected":false},"author":2030,"featured_media":264313,"comment_status":"closed","ping_status":"closed","sticky":false,"template":"","format":"standard","meta":{"footnotes":""},"categories":[241,3366,5380,231,1454],"tags":[],"class_list":{"0":"post-264312","1":"post","2":"type-post","3":"status-publish","4":"format-standard","5":"has-post-thumbnail","7":"category-aktualitet","8":"category-koment","9":"category-kryesore","10":"category-lajme","11":"category-politike"},"_links":{"self":[{"href":"https:\/\/zjarr.tv\/en\/wp-json\/wp\/v2\/posts\/264312","targetHints":{"allow":["GET"]}}],"collection":[{"href":"https:\/\/zjarr.tv\/en\/wp-json\/wp\/v2\/posts"}],"about":[{"href":"https:\/\/zjarr.tv\/en\/wp-json\/wp\/v2\/types\/post"}],"author":[{"embeddable":true,"href":"https:\/\/zjarr.tv\/en\/wp-json\/wp\/v2\/users\/2030"}],"replies":[{"embeddable":true,"href":"https:\/\/zjarr.tv\/en\/wp-json\/wp\/v2\/comments?post=264312"}],"version-history":[{"count":0,"href":"https:\/\/zjarr.tv\/en\/wp-json\/wp\/v2\/posts\/264312\/revisions"}],"wp:featuredmedia":[{"embeddable":true,"href":"https:\/\/zjarr.tv\/en\/wp-json\/wp\/v2\/media\/264313"}],"wp:attachment":[{"href":"https:\/\/zjarr.tv\/en\/wp-json\/wp\/v2\/media?parent=264312"}],"wp:term":[{"taxonomy":"category","embeddable":true,"href":"https:\/\/zjarr.tv\/en\/wp-json\/wp\/v2\/categories?post=264312"},{"taxonomy":"post_tag","embeddable":true,"href":"https:\/\/zjarr.tv\/en\/wp-json\/wp\/v2\/tags?post=264312"}],"curies":[{"name":"wp","href":"https:\/\/api.w.org\/{rel}","templated":true}]}}