{"id":264457,"date":"2022-06-14T14:38:22","date_gmt":"2022-06-14T12:38:22","guid":{"rendered":"https:\/\/zjarr.tv\/?p=264457"},"modified":"2022-06-14T14:38:22","modified_gmt":"2022-06-14T12:38:22","slug":"harta-e-re-gjyqesore-eshte-ne-kundershtim-flagrant-me-rezoluten-e-miratuar-nga-parlamenti-europian","status":"publish","type":"post","link":"https:\/\/zjarr.tv\/en\/harta-e-re-gjyqesore-eshte-ne-kundershtim-flagrant-me-rezoluten-e-miratuar-nga-parlamenti-europian\/","title":{"rendered":"Harta e Re Gjyq\u00ebsore \u00ebsht\u00eb n\u00eb kund\u00ebrshtim flagrant me rezolut\u00ebn e miratuar nga Parlamenti Europian"},"content":{"rendered":"<p>Nga Erisa Xhixho\/<\/p>\n<p>Harta e Re Gjyq\u00ebsore \u00ebsht\u00eb n\u00eb kund\u00ebrshtim flagrant me rezolut\u00ebn e miratuar nga Parlamenti Europian m\u00eb 19 maj.<\/p>\n<p>Sipas PE:<\/p>\n<p>Reforma e sistemit gjyq\u00ebsor sipas Hart\u00ebs s\u00eb Re t\u00eb Gjyq\u00ebsorit duhet t\u00eb marr\u00eb n\u00eb konsiderat\u00eb opinionet e pal\u00ebve t\u00eb interesuara dhe kushtet socio-ekonomike t\u00eb grupeve vulnerab\u00ebl dhe t\u00eb p\u00ebrmir\u00ebsoj\u00eb aksesin n\u00eb drejt\u00ebsi dhe procesin e duhur ligjor.<\/p>\n<p>Mbyllja e 18 gjykatave t\u00eb vendit \u00ebsht\u00eb nj\u00eb vendimarrje, e cila nuk ka marr\u00eb aspak p\u00ebr baz\u00eb sugjerimet e Dhom\u00ebs s\u00eb Avokatis\u00eb apo qytetar\u00ebve q\u00eb p\u00ebrballen \u00e7do dit\u00eb me dyert e drejt\u00ebsis\u00eb. Duke b\u00ebr\u00eb gjoja tryeza e d\u00ebgjesa, n\u00eb fund \u00ebsht\u00eb vendosur duke injoruar opinionin e ekspert\u00ebve.<\/p>\n<p>Harta e Re Gjyq\u00ebsore cenon r\u00ebnd\u00eb t\u00eb drejt\u00ebn per proces t\u00eb rregullt, t\u00eb shpejt\u00eb dhe t\u00eb drejt\u00eb ligjor.<\/p>\n<p>Mij\u00ebra qytetar\u00eb do t\u00eb detyrohen t\u00eb udh\u00ebtojn\u00eb me or\u00eb t\u00eb t\u00ebra n\u00eb p\u00ebrpjekje p\u00ebr t\u00eb v\u00ebn\u00eb n\u00eb vend t\u00eb drejt\u00ebn e tyre. Koh\u00eb dhe shpenzime t\u00eb shtuara p\u00ebr nj\u00eb vend, ku sipas t\u00eb dh\u00ebnave t\u00eb INSTAT, 49% e popullsis\u00eb jeton n\u00eb minimumin jetik. Harta e Re Gjyq\u00ebsore nuk zgjidh problemin shum\u00ebvje\u00e7ar t\u00eb dosjeve q\u00eb presin me vite p\u00ebr t\u2019u shqyrtuar, duke e tejzgjatur koh\u00ebn e zvarritjes s\u00eb proceseve gjyq\u00ebsore.<\/p>\n<p>Nga 6 gjykata Apeli, qytetar\u00ebt shqiptar\u00eb q\u00eb k\u00ebrkojn\u00eb drejt\u00ebsi n\u00eb shkall\u00ebn e dyt\u00eb t\u00eb gjyq\u00ebsorit do t\u2019i drejtohen Apelit t\u00eb Tiran\u00ebs. Drejt\u00ebsia p\u00ebr ta do t\u00eb vonoj\u00eb dhe do ket\u00eb kosto t\u00eb shtuara, sidomos p\u00ebr kategori t\u00eb ve\u00e7anta sociale si minoriteti rom dhe egjiptian, grat\u00eb n\u00eb nevoj\u00eb, t\u00eb rinjt\u00eb dhe t\u00eb miturit, pensionist\u00ebt .<\/p>\n<p>Bojkoti i Dhom\u00ebs s\u00eb Avokatis\u00eb mund t\u00eb \u00e7oj\u00eb n\u00eb kolaps sistemin, ndaj duhet urgjentisht q\u00eb Qeveria t\u00eb ulet me Dhom\u00ebn e Avokatis\u00eb, ekspert\u00ebt q\u00eb njohin realitetin e sistemit, t\u00eb diskutojn\u00eb objektivisht p\u00ebr zgjidhje q\u00eb kan\u00eb n\u00eb qend\u00ebr qytetarin dhe jo interesat e nj\u00eb grushti njer\u00ebzish.<\/p>","protected":false},"excerpt":{"rendered":"<p>Nga Erisa Xhixho\/ Harta e Re Gjyq\u00ebsore \u00ebsht\u00eb n\u00eb kund\u00ebrshtim flagrant me rezolut\u00ebn e miratuar nga Parlamenti Europian m\u00eb 19 maj. Sipas PE: Reforma e sistemit gjyq\u00ebsor sipas Hart\u00ebs s\u00eb Re t\u00eb Gjyq\u00ebsorit duhet t\u00eb marr\u00eb n\u00eb konsiderat\u00eb opinionet e pal\u00ebve t\u00eb interesuara dhe kushtet socio-ekonomike t\u00eb grupeve vulnerab\u00ebl dhe t\u00eb p\u00ebrmir\u00ebsoj\u00eb aksesin n\u00eb drejt\u00ebsi [&hellip;]<\/p>\n","protected":false},"author":2020,"featured_media":264458,"comment_status":"closed","ping_status":"closed","sticky":false,"template":"","format":"standard","meta":{"footnotes":""},"categories":[241,5380,231],"tags":[],"class_list":{"0":"post-264457","1":"post","2":"type-post","3":"status-publish","4":"format-standard","5":"has-post-thumbnail","7":"category-aktualitet","8":"category-kryesore","9":"category-lajme"},"_links":{"self":[{"href":"https:\/\/zjarr.tv\/en\/wp-json\/wp\/v2\/posts\/264457","targetHints":{"allow":["GET"]}}],"collection":[{"href":"https:\/\/zjarr.tv\/en\/wp-json\/wp\/v2\/posts"}],"about":[{"href":"https:\/\/zjarr.tv\/en\/wp-json\/wp\/v2\/types\/post"}],"author":[{"embeddable":true,"href":"https:\/\/zjarr.tv\/en\/wp-json\/wp\/v2\/users\/2020"}],"replies":[{"embeddable":true,"href":"https:\/\/zjarr.tv\/en\/wp-json\/wp\/v2\/comments?post=264457"}],"version-history":[{"count":0,"href":"https:\/\/zjarr.tv\/en\/wp-json\/wp\/v2\/posts\/264457\/revisions"}],"wp:featuredmedia":[{"embeddable":true,"href":"https:\/\/zjarr.tv\/en\/wp-json\/wp\/v2\/media\/264458"}],"wp:attachment":[{"href":"https:\/\/zjarr.tv\/en\/wp-json\/wp\/v2\/media?parent=264457"}],"wp:term":[{"taxonomy":"category","embeddable":true,"href":"https:\/\/zjarr.tv\/en\/wp-json\/wp\/v2\/categories?post=264457"},{"taxonomy":"post_tag","embeddable":true,"href":"https:\/\/zjarr.tv\/en\/wp-json\/wp\/v2\/tags?post=264457"}],"curies":[{"name":"wp","href":"https:\/\/api.w.org\/{rel}","templated":true}]}}