{"id":264491,"date":"2022-06-14T16:59:43","date_gmt":"2022-06-14T14:59:43","guid":{"rendered":"https:\/\/zjarr.tv\/?p=264491"},"modified":"2022-06-14T16:59:43","modified_gmt":"2022-06-14T14:59:43","slug":"deputeti-saimir-korreshi-iu-bashkohet-greves-se-avokateve-politikanet-moren-ne-qafe-lushnjen-pas-100-vitesh-heqin-gjykaten","status":"publish","type":"post","link":"https:\/\/zjarr.tv\/en\/deputeti-saimir-korreshi-iu-bashkohet-greves-se-avokateve-politikanet-moren-ne-qafe-lushnjen-pas-100-vitesh-heqin-gjykaten\/","title":{"rendered":"Deputeti Saimir Korreshi iu bashkohet grev\u00ebs s\u00eb avokat\u00ebve: Politikan\u00ebt \u201cmor\u00ebn n\u00eb qaf\u00eb\u201d Lushnj\u00ebn, pas 100 vitesh heqin gjykat\u00ebn"},"content":{"rendered":"<p>Deputeti\u00a0 i Partis\u00eb Demokratike, Saimir Korreshi, ka reaguar n\u00eb lidhje me hart\u00ebn e re gjyq\u00ebsore, e cila sipas tij\u00a0 do t\u00eb ket\u00eb kosto dhe pasoja p\u00ebr qytetar\u00ebt.<\/p>\n<p>P\u00ebrmes nj\u00eb postimi n\u00eb Facebook,\u00a0 ai thot\u00eb se politikan\u00ebt e mor\u00ebn n\u00eb qaf\u00eb Lushnj\u00ebn, duke shkruar se \u201cLushnja ngeli perfundimishte fshati me i madh i Fierit.\u201d<\/p>\n<p>P\u00ebrpos avokat\u00ebve q\u00eb bojkotuan proceset gjyq\u00ebsore, Korreshi u b\u00ebn thirrje qytetar\u00ebve q\u00eb t\u00eb reagojn\u00eb.<\/p>\n<p>Postimi i plot\u00eb i Saimir Korreshit:<\/p>\n<p>Sa turp me Lushnjen! Lushnja ngeli perfundimishte fshati me i madh i Fierit. Ne politikanet e morem me qafe. Lushnjaret me butesine e tyre pranojne fatin e tyre te zi ne heshtje. Trishtim!<\/p>\n<p>Me nje te rene te lapsit me absurditetin me te madh pa i pyetur keta njerez te urte dhe asnje grup interesi, pa asnje vlersim apo analize Gjykata e Lushnjes, pas 100 vitesh, e heqin nga qyteti i Kongresit. Te gjithe sot heshten!<\/p>\n<p>Vetem avokatet u degjuan para dyerve te Gjykates e bojkotuan proceset Gjyqesore.<\/p>\n<p>A thua e bene vetem per vete ??<\/p>\n<p>Une them jo. Jo sepse ata jetojne aty, familjet e tyre po ashtu te gjithe Lushnjaret zdo ta kene me kete komiditet per mos te folur per ekonomine qe \u00e7do gje do tju dyfishohet.<\/p>\n<p>Te nderuar qytetare te Lushnjes reagoni ose do te ktheheni ne fshat.<\/p>\n<p>Bashke me Gjykaten iken edhe Prokuroria, Sherbimi i Proves dhe Permbarimi.<\/p>\n<p>Eshte samar i rende qe do tju lej pasoja.<\/p>\n<p>Dite e trishtuar e ardhme e zymte.<\/p>","protected":false},"excerpt":{"rendered":"<p>Deputeti\u00a0 i Partis\u00eb Demokratike, Saimir Korreshi, ka reaguar n\u00eb lidhje me hart\u00ebn e re gjyq\u00ebsore, e cila sipas tij\u00a0 do t\u00eb ket\u00eb kosto dhe pasoja p\u00ebr qytetar\u00ebt. P\u00ebrmes nj\u00eb postimi n\u00eb Facebook,\u00a0 ai thot\u00eb se politikan\u00ebt e mor\u00ebn n\u00eb qaf\u00eb Lushnj\u00ebn, duke shkruar se \u201cLushnja ngeli perfundimishte fshati me i madh i Fierit.\u201d P\u00ebrpos avokat\u00ebve [&hellip;]<\/p>\n","protected":false},"author":2030,"featured_media":264492,"comment_status":"closed","ping_status":"closed","sticky":false,"template":"","format":"standard","meta":{"footnotes":""},"categories":[241,3366,5380,231,1454],"tags":[],"class_list":{"0":"post-264491","1":"post","2":"type-post","3":"status-publish","4":"format-standard","5":"has-post-thumbnail","7":"category-aktualitet","8":"category-koment","9":"category-kryesore","10":"category-lajme","11":"category-politike"},"_links":{"self":[{"href":"https:\/\/zjarr.tv\/en\/wp-json\/wp\/v2\/posts\/264491","targetHints":{"allow":["GET"]}}],"collection":[{"href":"https:\/\/zjarr.tv\/en\/wp-json\/wp\/v2\/posts"}],"about":[{"href":"https:\/\/zjarr.tv\/en\/wp-json\/wp\/v2\/types\/post"}],"author":[{"embeddable":true,"href":"https:\/\/zjarr.tv\/en\/wp-json\/wp\/v2\/users\/2030"}],"replies":[{"embeddable":true,"href":"https:\/\/zjarr.tv\/en\/wp-json\/wp\/v2\/comments?post=264491"}],"version-history":[{"count":0,"href":"https:\/\/zjarr.tv\/en\/wp-json\/wp\/v2\/posts\/264491\/revisions"}],"wp:featuredmedia":[{"embeddable":true,"href":"https:\/\/zjarr.tv\/en\/wp-json\/wp\/v2\/media\/264492"}],"wp:attachment":[{"href":"https:\/\/zjarr.tv\/en\/wp-json\/wp\/v2\/media?parent=264491"}],"wp:term":[{"taxonomy":"category","embeddable":true,"href":"https:\/\/zjarr.tv\/en\/wp-json\/wp\/v2\/categories?post=264491"},{"taxonomy":"post_tag","embeddable":true,"href":"https:\/\/zjarr.tv\/en\/wp-json\/wp\/v2\/tags?post=264491"}],"curies":[{"name":"wp","href":"https:\/\/api.w.org\/{rel}","templated":true}]}}