{"id":264505,"date":"2022-06-14T19:34:05","date_gmt":"2022-06-14T17:34:05","guid":{"rendered":"https:\/\/zjarr.tv\/?p=264505"},"modified":"2022-06-14T19:34:05","modified_gmt":"2022-06-14T17:34:05","slug":"yuri-kim-takon-presidentin-e-ri-uron-bajram-begaj-per-detyren-dhe-e-falenderon-per-bashkepunimin-me-shba-si-shef-i-ushtrise","status":"publish","type":"post","link":"https:\/\/zjarr.tv\/en\/yuri-kim-takon-presidentin-e-ri-uron-bajram-begaj-per-detyren-dhe-e-falenderon-per-bashkepunimin-me-shba-si-shef-i-ushtrise\/","title":{"rendered":"Yuri Kim takon presidentin e ri: Uron Bajram Begaj p\u00ebr detyr\u00ebn dhe e falenderon p\u00ebr bashk\u00ebpunimin me SHBA, si shef i Ushtris\u00eb"},"content":{"rendered":"<p>Ambasadorja Yuri Kim ka takuar sot presidentin e ri t\u00eb Shqip\u00ebris\u00eb, Bajram Begaj. Takimi \u00ebsht\u00eb zhvilluar n\u00eb ambientet e Pallatit t\u00eb Brigadave, dhe Kim e ka uruar kreun e ri t\u00eb shtetit shqiptar p\u00ebr detyr\u00ebn q\u00eb i besoi Kuvendi.<\/p>\n<p>Gjithashtu, diplomatja amerikane e ka falenderuar gjeneralin Begaj p\u00ebr kontributin e tij n\u00eb forcimin e marr\u00ebdh\u00ebnieve SHBA-Shqip\u00ebri si Shef i Shtabit, ve\u00e7an\u00ebrisht gjat\u00eb st\u00ebrvitjes ushtarake Defender Europe 2021.<\/p>\n<p>\u201cAmbasadorja e SHBA Yuri Kim u takua sot me Presidentin e zgjedhur Bajram Begaj n\u00eb Pallatin Presidencial (Pallati i Brigadave) n\u00eb Tiran\u00eb. Ajo e uroi at\u00eb p\u00ebr zgjedhjen e tij si President i ardhsh\u00ebm i Shqip\u00ebris\u00eb dhe p\u00ebrs\u00ebriti se Shtetet e Bashkuara presin me padurim t\u00eb vazhdojn\u00eb bashk\u00ebpunimin e shk\u00eblqyer me t\u00eb n\u00eb detyr\u00ebn e tij t\u00eb re.<\/p>\n<p>Ambasadorja Kim e fal\u00ebnderoi at\u00eb p\u00ebr kontributin e tij n\u00eb forcimin e marr\u00ebdh\u00ebnieve SHBA-Shqip\u00ebri si Shef i Shtabit, ve\u00e7an\u00ebrisht gjat\u00eb st\u00ebrvitjes ushtarake Defender Europe 2021 dhe vuri n\u00eb dukje se ajo pret shum\u00eb takime t\u00eb tjera me Presidentin e zgjedhur Begaj gjat\u00eb presidenc\u00ebs s\u00eb tij t\u00eb ardhshme\u201d, thuhet n\u00eb njoftimin e shp\u00ebrndar\u00eb nga Ambasada e SHBA n\u00eb Tiran\u00eb.<\/p>\n<p><img loading=\"lazy\" decoding=\"async\" class=\"alignnone size-medium wp-image-264508\" src=\"https:\/\/zjarr.tv\/wp-content\/uploads\/2022\/06\/Untitled-design-2022-06-14T193345.026-300x251.jpg\" alt=\"\" width=\"300\" height=\"251\" srcset=\"https:\/\/zjarr.tv\/wp-content\/uploads\/2022\/06\/Untitled-design-2022-06-14T193345.026-300x251.jpg 300w, https:\/\/zjarr.tv\/wp-content\/uploads\/2022\/06\/Untitled-design-2022-06-14T193345.026-768x644.jpg 768w, https:\/\/zjarr.tv\/wp-content\/uploads\/2022\/06\/Untitled-design-2022-06-14T193345.026-696x583.jpg 696w, https:\/\/zjarr.tv\/wp-content\/uploads\/2022\/06\/Untitled-design-2022-06-14T193345.026-501x420.jpg 501w, https:\/\/zjarr.tv\/wp-content\/uploads\/2022\/06\/Untitled-design-2022-06-14T193345.026.jpg 940w\" sizes=\"auto, (max-width: 300px) 100vw, 300px\" \/><img loading=\"lazy\" decoding=\"async\" class=\"alignnone size-medium wp-image-264509\" src=\"https:\/\/zjarr.tv\/wp-content\/uploads\/2022\/06\/Untitled-design-2022-06-14T193304.058-1-300x251.jpg\" alt=\"\" width=\"300\" height=\"251\" srcset=\"https:\/\/zjarr.tv\/wp-content\/uploads\/2022\/06\/Untitled-design-2022-06-14T193304.058-1-300x251.jpg 300w, https:\/\/zjarr.tv\/wp-content\/uploads\/2022\/06\/Untitled-design-2022-06-14T193304.058-1-768x644.jpg 768w, https:\/\/zjarr.tv\/wp-content\/uploads\/2022\/06\/Untitled-design-2022-06-14T193304.058-1-696x583.jpg 696w, https:\/\/zjarr.tv\/wp-content\/uploads\/2022\/06\/Untitled-design-2022-06-14T193304.058-1-501x420.jpg 501w, https:\/\/zjarr.tv\/wp-content\/uploads\/2022\/06\/Untitled-design-2022-06-14T193304.058-1.jpg 940w\" sizes=\"auto, (max-width: 300px) 100vw, 300px\" \/><\/p>","protected":false},"excerpt":{"rendered":"<p>Ambasadorja Yuri Kim ka takuar sot presidentin e ri t\u00eb Shqip\u00ebris\u00eb, Bajram Begaj. Takimi \u00ebsht\u00eb zhvilluar n\u00eb ambientet e Pallatit t\u00eb Brigadave, dhe Kim e ka uruar kreun e ri t\u00eb shtetit shqiptar p\u00ebr detyr\u00ebn q\u00eb i besoi Kuvendi. Gjithashtu, diplomatja amerikane e ka falenderuar gjeneralin Begaj p\u00ebr kontributin e tij n\u00eb forcimin e marr\u00ebdh\u00ebnieve [&hellip;]<\/p>\n","protected":false},"author":2030,"featured_media":264507,"comment_status":"closed","ping_status":"closed","sticky":false,"template":"","format":"standard","meta":{"footnotes":""},"categories":[241,3366,5380,231,1454],"tags":[],"class_list":{"0":"post-264505","1":"post","2":"type-post","3":"status-publish","4":"format-standard","5":"has-post-thumbnail","7":"category-aktualitet","8":"category-koment","9":"category-kryesore","10":"category-lajme","11":"category-politike"},"_links":{"self":[{"href":"https:\/\/zjarr.tv\/en\/wp-json\/wp\/v2\/posts\/264505","targetHints":{"allow":["GET"]}}],"collection":[{"href":"https:\/\/zjarr.tv\/en\/wp-json\/wp\/v2\/posts"}],"about":[{"href":"https:\/\/zjarr.tv\/en\/wp-json\/wp\/v2\/types\/post"}],"author":[{"embeddable":true,"href":"https:\/\/zjarr.tv\/en\/wp-json\/wp\/v2\/users\/2030"}],"replies":[{"embeddable":true,"href":"https:\/\/zjarr.tv\/en\/wp-json\/wp\/v2\/comments?post=264505"}],"version-history":[{"count":0,"href":"https:\/\/zjarr.tv\/en\/wp-json\/wp\/v2\/posts\/264505\/revisions"}],"wp:featuredmedia":[{"embeddable":true,"href":"https:\/\/zjarr.tv\/en\/wp-json\/wp\/v2\/media\/264507"}],"wp:attachment":[{"href":"https:\/\/zjarr.tv\/en\/wp-json\/wp\/v2\/media?parent=264505"}],"wp:term":[{"taxonomy":"category","embeddable":true,"href":"https:\/\/zjarr.tv\/en\/wp-json\/wp\/v2\/categories?post=264505"},{"taxonomy":"post_tag","embeddable":true,"href":"https:\/\/zjarr.tv\/en\/wp-json\/wp\/v2\/tags?post=264505"}],"curies":[{"name":"wp","href":"https:\/\/api.w.org\/{rel}","templated":true}]}}