{"id":264512,"date":"2022-06-14T19:42:28","date_gmt":"2022-06-14T17:42:28","guid":{"rendered":"https:\/\/zjarr.tv\/?p=264512"},"modified":"2022-06-14T19:42:28","modified_gmt":"2022-06-14T17:42:28","slug":"a-e-kuptoni-ne-cpike-jemi-erion-brace-ve-duart-ne-koke-ps-te-marre-vendimin-ca-te-doje-une-jam-kunder-nuk-e-votoj","status":"publish","type":"post","link":"https:\/\/zjarr.tv\/en\/a-e-kuptoni-ne-cpike-jemi-erion-brace-ve-duart-ne-koke-ps-te-marre-vendimin-ca-te-doje-une-jam-kunder-nuk-e-votoj\/","title":{"rendered":"\u201cA e kuptoni n\u00eb \u00e7\u2019pik\u00eb jemi?\u201d, Erion Bra\u00e7e v\u00eb duart n\u00eb kok\u00eb: PS t\u00eb marr\u00eb vendimin ca t\u00eb doj\u00eb, un\u00eb jam kund\u00ebr, nuk e votoj"},"content":{"rendered":"<p>Deputeti socialist Erion Bra\u00e7e ka komentuar k\u00ebrkes\u00ebn e Presidentit t\u00eb FSH-s\u00eb Armando Duka p\u00ebr rikthimin e basteve sportive. I ftuar n\u00eb nj\u00eb intervist\u00eb televizive, Bra\u00e7e vuri duart n\u00eb kok\u00eb, duke e konsideruar nj\u00eb k\u00ebrkes\u00eb absurde n\u00eb nj\u00eb koh\u00eb kur FSHF \u00ebsht\u00eb e vetmja Federat\u00eb n\u00eb Europ\u00eb e d\u00ebnuar p\u00ebr fiksim rezultati. Bra\u00e7e i referohet vendimit t\u00eb marr\u00eb nga UEFA p\u00ebr p\u00ebrjashtimin e Sk\u00ebnderbeut p\u00ebr 10 vite nga kompeticionet europiane, pasi akuzohet p\u00ebr fiksimin e mbi 50 ndeshjeve.<\/p>\n<p>Bra\u00e7e ngriti pyetjen retorike n\u00ebse FSHF do t\u00eb b\u00ebj\u00eb sport apo t\u00eb luaj\u00eb baste. Nd\u00ebrsa shtoi se koh\u00eb m\u00eb par\u00eb brenda FSHF jan\u00eb luajtur baste.<\/p>\n<p>\u201cA e kuptoni n\u00eb \u00e7\u2019pik\u00eb jemi? Presidenti i FSHF, e vetmja federat\u00eb n\u00eb Europ\u00eb q\u00eb ka nj\u00eb vendim n\u00eb fuqi nga t\u00eb gjitha shkall\u00ebt hierarkike nga organizmat nd\u00ebrkomb\u00ebtar t\u00eb futbollit dhe gjykata sportive p\u00ebr fiksim t\u00eb rezultateve sportive, n\u00eb favor t\u00eb basteve sportive n\u00eb t\u00eb gjith\u00eb Europ\u00ebn. Ky k\u00ebrkon rikthim t\u00eb basteve n\u00eb k\u00ebt\u00eb vend. Ky q\u00eb vet\u00ebm kat\u00ebr vite m\u00eb par\u00eb mori nj\u00eb vendim p\u00ebr shkak t\u00eb rezultateve t\u00eb trukuara n\u00eb futboll p\u00ebr nevojat e basteve, del e k\u00ebrkon q\u00eb t\u00eb rikthehen bastet n\u00eb k\u00ebt\u00eb vend.<\/p>\n<p>Ca t\u2019iu them un\u00eb, q\u00eb nj\u00eb pjes\u00eb aty brenda FSHF kan\u00eb luajtur baste n\u00eb koh\u00eb t\u00eb ndryshme. E thon\u00eb aktor\u00eb t\u00eb ndryshme. Jan\u00eb t\u00eb p\u00ebrfshir\u00eb n\u00eb k\u00ebt\u00eb, jan\u00eb t\u00eb shkruara. K\u00ebta duan t\u00eb b\u00ebjn\u00eb sport apo baste. Se keqmenaxhon FSHF, ekonomin\u00eb e futbollit dhe nuk b\u00ebjn\u00eb dot ekonomi, kjo nuk dot t\u00eb thot\u00eb q\u00eb t\u00eb rikthejm\u00eb ligj\u00ebrisht. Se n\u00eb t\u00eb zez\u00eb ka plot, k\u00ebtu luhet n\u00eb t\u00eb zez\u00eb. Munges\u00eb v\u00ebmendje e t\u00eb gjitha agjencive ligjzbatuese p\u00ebr t\u00eb.<\/p>\n<p>Ish-z\u00ebvend\u00ebskryeministri Bra\u00e7e theksoi se \u00ebsht\u00eb kund\u00ebr rikthimit t\u00eb tyre, nd\u00ebrsa shtoi se autoritete duhet t\u00eb marrin masa p\u00ebr t\u00eb goditur bastet q\u00eb po luhen n\u00eb m\u00ebnyr\u00eb t\u00eb paligjshme, nga t\u00eb nj\u00ebjt\u00ebt kriminel\u00eb q\u00eb i kan\u00eb pasur pika fizike m\u00eb par\u00eb.<\/p>\n<p>\u201cN\u00eb momentin q\u00eb ne mor\u00ebm vendim t\u2019i shpallim t\u00eb paligjshme k\u00ebrkuan nga AKEP t\u00eb merreshin me goditjen e\u00a0 fenomenit. Ky q\u00eb k\u00ebrkon ligj\u00ebrimin e tyre, jam kund\u00ebr, t\u00eb marr\u00eb ca t\u00eb doj\u00eb vendimi i PS un\u00eb nuk e votoj. Po pastrohen para p\u00ebrmes basteve n\u00eb t\u00eb zez\u00eb, si\u00e7 pastroheshin legalisht po pastrohen tani q\u00eb u kan\u00eb t\u00eb nj\u00ebjtat figura kriminale. Turp neveri q\u00eb e vetmja n\u00eb Europ\u00eb q\u00eb ka nj\u00eb vend ne fuqi p\u00ebr fiksim t\u00eb rezultateve sportive\u201d, tha Bra\u00e7e.<\/p>","protected":false},"excerpt":{"rendered":"<p>Deputeti socialist Erion Bra\u00e7e ka komentuar k\u00ebrkes\u00ebn e Presidentit t\u00eb FSH-s\u00eb Armando Duka p\u00ebr rikthimin e basteve sportive. I ftuar n\u00eb nj\u00eb intervist\u00eb televizive, Bra\u00e7e vuri duart n\u00eb kok\u00eb, duke e konsideruar nj\u00eb k\u00ebrkes\u00eb absurde n\u00eb nj\u00eb koh\u00eb kur FSHF \u00ebsht\u00eb e vetmja Federat\u00eb n\u00eb Europ\u00eb e d\u00ebnuar p\u00ebr fiksim rezultati. Bra\u00e7e i referohet vendimit [&hellip;]<\/p>\n","protected":false},"author":2030,"featured_media":264513,"comment_status":"closed","ping_status":"closed","sticky":false,"template":"","format":"standard","meta":{"footnotes":""},"categories":[241,3366,5380,231,1454],"tags":[],"class_list":{"0":"post-264512","1":"post","2":"type-post","3":"status-publish","4":"format-standard","5":"has-post-thumbnail","7":"category-aktualitet","8":"category-koment","9":"category-kryesore","10":"category-lajme","11":"category-politike"},"_links":{"self":[{"href":"https:\/\/zjarr.tv\/en\/wp-json\/wp\/v2\/posts\/264512","targetHints":{"allow":["GET"]}}],"collection":[{"href":"https:\/\/zjarr.tv\/en\/wp-json\/wp\/v2\/posts"}],"about":[{"href":"https:\/\/zjarr.tv\/en\/wp-json\/wp\/v2\/types\/post"}],"author":[{"embeddable":true,"href":"https:\/\/zjarr.tv\/en\/wp-json\/wp\/v2\/users\/2030"}],"replies":[{"embeddable":true,"href":"https:\/\/zjarr.tv\/en\/wp-json\/wp\/v2\/comments?post=264512"}],"version-history":[{"count":0,"href":"https:\/\/zjarr.tv\/en\/wp-json\/wp\/v2\/posts\/264512\/revisions"}],"wp:featuredmedia":[{"embeddable":true,"href":"https:\/\/zjarr.tv\/en\/wp-json\/wp\/v2\/media\/264513"}],"wp:attachment":[{"href":"https:\/\/zjarr.tv\/en\/wp-json\/wp\/v2\/media?parent=264512"}],"wp:term":[{"taxonomy":"category","embeddable":true,"href":"https:\/\/zjarr.tv\/en\/wp-json\/wp\/v2\/categories?post=264512"},{"taxonomy":"post_tag","embeddable":true,"href":"https:\/\/zjarr.tv\/en\/wp-json\/wp\/v2\/tags?post=264512"}],"curies":[{"name":"wp","href":"https:\/\/api.w.org\/{rel}","templated":true}]}}