{"id":264516,"date":"2022-06-14T19:43:52","date_gmt":"2022-06-14T17:43:52","guid":{"rendered":"https:\/\/zjarr.tv\/?p=264516"},"modified":"2022-06-14T19:43:52","modified_gmt":"2022-06-14T17:43:52","slug":"eshte-deshperuese-ska-shprese-per-asgje-fatos-lubonja-zbulon-prapaskenat-e-konferences-antikorrupsion-yuri-kim-ishte-pjese-e-spektaklit","status":"publish","type":"post","link":"https:\/\/zjarr.tv\/en\/eshte-deshperuese-ska-shprese-per-asgje-fatos-lubonja-zbulon-prapaskenat-e-konferences-antikorrupsion-yuri-kim-ishte-pjese-e-spektaklit\/","title":{"rendered":"\u201c\u00cbsht\u00eb d\u00ebshp\u00ebruese, s\u2019ka shpres\u00eb p\u00ebr asgj\u00eb\u201d\/ Fatos Lubonja zbulon \u201cprapaskenat\u201d e Konferenc\u00ebs Antikorrupsion: Yuri Kim ishte pjes\u00eb e spektaklit"},"content":{"rendered":"<p>Analisti Fatos Lubonja e cil\u00ebsoi Konferenc\u00ebn e par\u00eb Komb\u00ebtare Antikorrupsion propagand\u00eb p\u00ebr t\u00eb mbuluar realitetin. I ftuar n\u00eb Ne\u00ebs24, Lubonja tha se ky \u00ebsht\u00eb nj\u00eb nga spektaklet e shumta q\u00eb b\u00ebn Rama p\u00ebr t\u00eb mbuluar realitetin, duke e cil\u00ebsuar ambasadoren e SHBA-ve Yuri Kim pjes\u00eb t\u00eb tij<\/p>\n<p>\u201cJemi n\u00eb vazhdim\u00ebsin\u00eb e nj\u00eb m\u00ebnyr\u00eb b\u00ebrje politik\u00eb q\u00eb \u00ebsht\u00eb m\u00ebnyra e Ram\u00ebs b\u00ebrje politik\u00eb. Po p\u00ebrdorja nj\u00eb filozof francez t\u00eb famsh\u00ebm q\u00eb ka b\u00ebr\u00eb librin Shoq\u00ebria e spektaklit, Guy Debord thot\u00eb q\u00eb atje ku iluzioni me spektakolaritetin e vet realitetin atje \u00ebsht\u00eb sistemi i delegjitimuar. Jemi n\u00eb rastin konkret. Ky \u00ebsht\u00eb nj\u00eb nga spektaklet e shumta q\u00eb b\u00ebn Rama p\u00ebr t\u00eb mbuluar realitetin. Sikur merr afgan\u00ebt p\u00ebr t\u00eb mbuluar shqiptar\u00ebt q\u00eb ikin, sikur merr doktor\u00ebt dhe i \u00e7on n\u00eb Itali, si\u00e7 ka qen\u00eb spektakli i kaluar me luft\u00ebn ndaj drog\u00ebs. Tani kemi Yuri Kim pjes\u00eb t\u00eb spektaklit, e cila tha se fakti q\u00eb tregon se sa shum\u00eb jeni k\u00ebtu tregon se sa shum\u00eb po e luftoni ju korrupsionin. Ishte entuziaz\u00ebm i madh. Yuri Kim nuk e ka jetuar koh\u00ebn e Enver Hoxh\u00ebs, kur mblidhte shoku Enver kongreset. P\u00ebr Kongreset ne jemi t\u00eb famsh\u00ebm. Atje s\u2019ka nevoj\u00eb fare t\u00eb b\u00ebjn\u00eb konferenca. Kan\u00eb rastin e incenerator\u00ebve, pse nuk i shkojn\u00eb deri n\u00eb fund, si parti, pastaj prokuroria t\u00eb b\u00ebj\u00eb pun\u00ebn e vet. S\u2019ka shqiptar q\u00eb nuk e di q\u00eb s\u2019mund t\u00eb ishte vet\u00ebm Lefter Koka t\u00eb b\u00ebnte gjith\u00eb at\u00eb histori, ka shum\u00eb aty. Ja ku e kan\u00eb, luftoje at\u00eb, b\u00ebj nj\u00eb kongres t\u00eb v\u00ebrtet\u00eb t\u00eb partis\u00eb luftoje. B\u00ebri nj\u00eb katarsis Fatos Nano. Kjo \u00ebsht\u00eb thjesht propagand\u00eb p\u00ebr t\u00eb mbuluar realitetin\u201d, tha Lubonja.<\/p>\n<p>I pyetur p\u00ebr aferat q\u00eb po heton SPAK, ai deklaroi se nuk \u00ebsht\u00eb optimist p\u00ebr t\u00eb. Sipas Lubonj\u00ebs, kur ke nj\u00eb inflacion krimesh dhe nuk ndodh asgj\u00eb, \u00ebsht\u00eb d\u00ebshp\u00ebruese.<\/p>\n<p>\u201cDhe p\u00ebrpara hetoheshin. Ndodhi 21 janari, Meta dha dor\u00ebheqjen, u hap nj\u00eb proces, Rruga e Kombit, doli Lulzim Basha, u hap nj\u00eb proces. Nuk jam entuziast p\u00ebr SPAK-un. Mir\u00eb \u00ebsht\u00eb q\u00eb t\u00eb flitet p\u00ebr k\u00ebto gj\u00ebra. N\u00eb nj\u00eb far\u00eb mase kur ke nj\u00eb inflacion krimesh dhe nuk ndodh asgj\u00eb, \u00ebsht\u00eb d\u00ebshp\u00ebruese, s\u2019ka shpres\u00eb p\u00ebr asgj\u00eb. Duken evidente faktet dhe nuk ndodh asgj\u00eb. N\u00eb k\u00ebt\u00eb aspekt nuk jam optimist p\u00ebr SPAK-un. SPAK-u dikur dhe mund t\u00eb veproj\u00eb, por do vij\u00eb nga politika zgjidhja, jo nga SPAK-u. Do vij\u00eb pasi gj\u00ebrat t\u00eb b\u00ebhen t\u00eb v\u00ebshtira. \u00c7do regjim ka p\u00ebrfunduar, por \u00ebsht\u00eb problemi \u00e7far\u00eb trash\u00ebgimie l\u00eb. Normalisht duhet t\u00eb ket\u00eb ca hapa p\u00ebrpara nj\u00eb shoq\u00ebri, nd\u00ebrsa un\u00eb nuk shoh\u201d, tha ai.<\/p>","protected":false},"excerpt":{"rendered":"<p>Analisti Fatos Lubonja e cil\u00ebsoi Konferenc\u00ebn e par\u00eb Komb\u00ebtare Antikorrupsion propagand\u00eb p\u00ebr t\u00eb mbuluar realitetin. I ftuar n\u00eb Ne\u00ebs24, Lubonja tha se ky \u00ebsht\u00eb nj\u00eb nga spektaklet e shumta q\u00eb b\u00ebn Rama p\u00ebr t\u00eb mbuluar realitetin, duke e cil\u00ebsuar ambasadoren e SHBA-ve Yuri Kim pjes\u00eb t\u00eb tij \u201cJemi n\u00eb vazhdim\u00ebsin\u00eb e nj\u00eb m\u00ebnyr\u00eb b\u00ebrje politik\u00eb [&hellip;]<\/p>\n","protected":false},"author":2030,"featured_media":264517,"comment_status":"closed","ping_status":"closed","sticky":false,"template":"","format":"standard","meta":{"footnotes":""},"categories":[241,3366,5380,231,1454],"tags":[],"class_list":{"0":"post-264516","1":"post","2":"type-post","3":"status-publish","4":"format-standard","5":"has-post-thumbnail","7":"category-aktualitet","8":"category-koment","9":"category-kryesore","10":"category-lajme","11":"category-politike"},"_links":{"self":[{"href":"https:\/\/zjarr.tv\/en\/wp-json\/wp\/v2\/posts\/264516","targetHints":{"allow":["GET"]}}],"collection":[{"href":"https:\/\/zjarr.tv\/en\/wp-json\/wp\/v2\/posts"}],"about":[{"href":"https:\/\/zjarr.tv\/en\/wp-json\/wp\/v2\/types\/post"}],"author":[{"embeddable":true,"href":"https:\/\/zjarr.tv\/en\/wp-json\/wp\/v2\/users\/2030"}],"replies":[{"embeddable":true,"href":"https:\/\/zjarr.tv\/en\/wp-json\/wp\/v2\/comments?post=264516"}],"version-history":[{"count":0,"href":"https:\/\/zjarr.tv\/en\/wp-json\/wp\/v2\/posts\/264516\/revisions"}],"wp:featuredmedia":[{"embeddable":true,"href":"https:\/\/zjarr.tv\/en\/wp-json\/wp\/v2\/media\/264517"}],"wp:attachment":[{"href":"https:\/\/zjarr.tv\/en\/wp-json\/wp\/v2\/media?parent=264516"}],"wp:term":[{"taxonomy":"category","embeddable":true,"href":"https:\/\/zjarr.tv\/en\/wp-json\/wp\/v2\/categories?post=264516"},{"taxonomy":"post_tag","embeddable":true,"href":"https:\/\/zjarr.tv\/en\/wp-json\/wp\/v2\/tags?post=264516"}],"curies":[{"name":"wp","href":"https:\/\/api.w.org\/{rel}","templated":true}]}}