{"id":264539,"date":"2022-06-15T08:17:58","date_gmt":"2022-06-15T06:17:58","guid":{"rendered":"https:\/\/zjarr.tv\/?p=264539"},"modified":"2022-06-15T08:17:58","modified_gmt":"2022-06-15T06:17:58","slug":"rama-flet-per-gazeten-e-huaj-dhe-e-pranon-negociatat-nuk-hapen-kete-vit-faji-i-bullgarise","status":"publish","type":"post","link":"https:\/\/zjarr.tv\/en\/rama-flet-per-gazeten-e-huaj-dhe-e-pranon-negociatat-nuk-hapen-kete-vit-faji-i-bullgarise\/","title":{"rendered":"Rama flet p\u00ebr gazet\u00ebn e huaj dhe e pranon: Negociatat nuk hapen k\u00ebt\u00eb vit, faji i Bullgaris\u00eb"},"content":{"rendered":"<p>Kryeministri Edi Rama \u00ebsht\u00eb shprehur se samiti i BE-s\u00eb, i cili do t\u00eb mbahet jav\u00ebn e ardhshme, nuk pret q\u00eb t\u2019i hap\u00eb rrug\u00ebn Shqip\u00ebris\u00eb p\u00ebr t\u00eb filluar bisedimet e an\u00ebtar\u00ebsimit n\u00eb Bashkimin Evropian dhe kjo p\u00ebr fajin e Bullgaris\u00eb.<\/p>\n<p>N\u00eb nj\u00eb intervist\u00eb p\u00ebr POLITICO, Rama e b\u00ebri t\u00eb qart\u00eb se ishte pesimist sa i p\u00ebrket k\u00ebsaj \u00e7\u00ebshtje.<\/p>\n<p> \u201cNuk kam asnj\u00eb pritshm\u00ebri. Un\u00eb mendoj se asgj\u00eb nuk do t\u00eb ndodh\u00eb. Shqip\u00ebria dhe Maqedonia e Veriut nuk do t\u00eb hapin zyrtarisht bisedimet p\u00ebr t\u00eb pasur an\u00ebtar\u00ebsim\u201d, tha ai.<\/p>\n<p>I pyetur n\u00ebse ndonj\u00eb lider i BE-s\u00eb kishte sinjalizuar se bisedimet mund t\u00eb fillojn\u00eb s\u00eb shpejti, Rama u p\u00ebrgjigj: \u201c\u00c7far\u00eb sinjalesh mund t\u00eb japin? Nuk b\u00ebhet fjal\u00eb p\u00ebr ta. P\u00ebrs\u00ebri, b\u00ebhet fjal\u00eb p\u00ebr Bullgarin\u00eb. T\u00eb gjith\u00eb jan\u00eb dakord, t\u00eb gjith\u00eb mb\u00ebshtesin, t\u00eb gjith\u00eb mendojn\u00eb se kjo duhet t\u00eb ndodh\u00eb, dhe kjo duhet t\u00eb kishte ndodhur tashm\u00eb. Por kufiri i tyre i manovrimit \u00ebsht\u00eb i kufizuar nga Bullgaria.<\/p>\n<p>Kryeministri m\u00eb tej tha se nuk e pret q\u00eb udh\u00ebheq\u00ebsit bullgar\u00eb t\u00eb ndryshonin pozicionin  tyre, pasi ata e kan\u00eb b\u00ebr\u00eb mosmarr\u00ebveshjen e tyre n\u00eb nj\u00eb \u00e7\u00ebshtje aq t\u00eb madhe sa \u00ebsht\u00eb shum\u00eb e v\u00ebshtir\u00eb q\u00eb t\u00eb t\u00ebrhiqen.<\/p>\n<p>\u201c\u00cbsht\u00eb nj\u00eb spirale. Ata kan\u00eb hyr\u00eb n\u00eb nj\u00eb spirale. Dhe nga kjo spirale, \u00ebsht\u00eb shum\u00eb, shum\u00eb e v\u00ebshtir\u00eb t\u00eb dal\u00ebsh\u201d, deklaroi Rama.<\/p>\n<p>Rama konfirmoi se n\u00ebse nuk ka p\u00ebrparim k\u00ebt\u00eb muaj, ai do t\u00eb k\u00ebrkoj\u00eb q\u00eb oferta e Shqip\u00ebris\u00eb p\u00ebr an\u00ebtar\u00ebsim t\u00eb trajtohet ve\u00e7mas nga ajo e Maqedonis\u00eb s\u00eb Veriut, nj\u00eb hap q\u00eb BE deri tani ka hezituar ta nd\u00ebrmarr\u00eb, me zyrtar\u00ebt q\u00eb argumentojn\u00eb se do t\u00eb ishte m\u00eb mir\u00eb p\u00ebr stabilitetin rajonal n\u00ebse dy fqinj\u00ebt mund t\u00eb p\u00ebrparonin s\u00eb bashku.<\/p>\n<p>\u201cN\u00ebse asgj\u00eb nuk ndodh n\u00eb qershor, ne do t\u00eb k\u00ebrkojm\u00eb t\u00eb ndahemi. Kam besim se kjo \u00ebsht\u00eb ajo q\u00eb duhet t\u00eb b\u00ebjm\u00eb, at\u00ebher\u00eb n\u00ebse udh\u00ebheq\u00ebsit e BE-s\u00eb do t\u00eb bien dakord apo jo, do t\u00eb shohim.\u201d, tha kryeministri.<\/p>\n<p>T\u00eb gjitha qeverit\u00eb e BE-s\u00eb ran\u00eb dakord q\u00eb n\u00eb mars 2020 t\u2019i japin Shqip\u00ebris\u00eb dhe Maqedonis\u00eb s\u00eb Veriut drit\u00ebn jeshile p\u00ebr fillimin e bisedimeve t\u00eb an\u00ebtar\u00ebsimit. Por, negociatat nuk kan\u00eb nisur ende pasi Bullgaria k\u00ebmb\u00ebnguli se donte l\u00ebshime nga Maqedonia e Veriut n\u00eb mosmarr\u00ebveshjet dypal\u00ebshe q\u00eb prekin gjuh\u00ebn, historin\u00eb dhe identitetin.<\/p>\n<p>Megjith\u00ebse bllokada e Sofjes vlen vet\u00ebm p\u00ebr Maqedonin\u00eb e Veriut, BE-ja ka favorizuar trajtimin e ofertave t\u00eb an\u00ebtar\u00ebsimit t\u00eb Shqip\u00ebris\u00eb dhe Maqedonis\u00eb s\u00eb Veriut s\u00eb bashku, k\u00ebshtu edhe vendi yn\u00eb \u00ebsht\u00eb i bllokuar.<\/p>\n<p>BE-ja ia dha statusin e vendit kandidat Maqedonis\u00eb s\u00eb Veriut n\u00eb 2005 dhe Shqip\u00ebris\u00eb n\u00eb 2014 , megjithat\u00eb nuk ka arritur as t\u00eb filloj\u00eb bisedimet me asnj\u00ebrin vend.<\/p>\n<p>Jav\u00ebn e kaluar kancelari gjerman Olaf Scholz vizitoi Bullgarin\u00eb n\u00eb m\u00ebnyr\u00eb p\u00ebr t\u00eb kap\u00ebrcyer bllokad\u00ebn e Sofjes p\u00ebrpara samitit t\u00eb ardhsh\u00ebm n\u00eb Bruksel, i cili do t\u00eb zhvillohet t\u00eb enjten dhe t\u00eb premten e jav\u00ebs s\u00eb ardhshme.<\/p>","protected":false},"excerpt":{"rendered":"<p>Kryeministri Edi Rama \u00ebsht\u00eb shprehur se samiti i BE-s\u00eb, i cili do t\u00eb mbahet jav\u00ebn e ardhshme, nuk pret q\u00eb t\u2019i hap\u00eb rrug\u00ebn Shqip\u00ebris\u00eb p\u00ebr t\u00eb filluar bisedimet e an\u00ebtar\u00ebsimit n\u00eb Bashkimin Evropian dhe kjo p\u00ebr fajin e Bullgaris\u00eb. N\u00eb nj\u00eb intervist\u00eb p\u00ebr POLITICO, Rama e b\u00ebri t\u00eb qart\u00eb se ishte pesimist sa i p\u00ebrket [&hellip;]<\/p>\n","protected":false},"author":2031,"featured_media":206890,"comment_status":"closed","ping_status":"closed","sticky":false,"template":"","format":"standard","meta":{"footnotes":""},"categories":[241,231,235],"tags":[],"class_list":{"0":"post-264539","1":"post","2":"type-post","3":"status-publish","4":"format-standard","5":"has-post-thumbnail","7":"category-aktualitet","8":"category-lajme","9":"category-vendi"},"_links":{"self":[{"href":"https:\/\/zjarr.tv\/en\/wp-json\/wp\/v2\/posts\/264539","targetHints":{"allow":["GET"]}}],"collection":[{"href":"https:\/\/zjarr.tv\/en\/wp-json\/wp\/v2\/posts"}],"about":[{"href":"https:\/\/zjarr.tv\/en\/wp-json\/wp\/v2\/types\/post"}],"author":[{"embeddable":true,"href":"https:\/\/zjarr.tv\/en\/wp-json\/wp\/v2\/users\/2031"}],"replies":[{"embeddable":true,"href":"https:\/\/zjarr.tv\/en\/wp-json\/wp\/v2\/comments?post=264539"}],"version-history":[{"count":0,"href":"https:\/\/zjarr.tv\/en\/wp-json\/wp\/v2\/posts\/264539\/revisions"}],"wp:featuredmedia":[{"embeddable":true,"href":"https:\/\/zjarr.tv\/en\/wp-json\/wp\/v2\/media\/206890"}],"wp:attachment":[{"href":"https:\/\/zjarr.tv\/en\/wp-json\/wp\/v2\/media?parent=264539"}],"wp:term":[{"taxonomy":"category","embeddable":true,"href":"https:\/\/zjarr.tv\/en\/wp-json\/wp\/v2\/categories?post=264539"},{"taxonomy":"post_tag","embeddable":true,"href":"https:\/\/zjarr.tv\/en\/wp-json\/wp\/v2\/tags?post=264539"}],"curies":[{"name":"wp","href":"https:\/\/api.w.org\/{rel}","templated":true}]}}