{"id":264551,"date":"2022-06-15T09:17:10","date_gmt":"2022-06-15T07:17:10","guid":{"rendered":"https:\/\/zjarr.tv\/?p=264551"},"modified":"2022-06-15T09:17:10","modified_gmt":"2022-06-15T07:17:10","slug":"foto-te-rrethuar-nga-forca-te-shumta-sigurie-rama-dhe-abazovic-mberrijne-ne-kiev","status":"publish","type":"post","link":"https:\/\/zjarr.tv\/en\/foto-te-rrethuar-nga-forca-te-shumta-sigurie-rama-dhe-abazovic-mberrijne-ne-kiev\/","title":{"rendered":"FOTO\/ T\u00eb rrethuar nga forca t\u00eb shumta sigurie, Rama dhe Abazovi\u00e7 mb\u00ebrrijn\u00eb n\u00eb Kiev"},"content":{"rendered":"<p>Kryeministri i Malit t\u00eb Zi, Dritan Abazovi\u00e7, ka b\u00ebr\u00eb me dije se s\u00eb bashku me kryeministrin Edi Rama kan\u00eb mb\u00ebrritur n\u00eb Kiev.<\/p>\n<p> \u201cMb\u00ebrrit\u00ebm n\u00eb Kiev me Edi Ram\u00ebn p\u00ebr t\u00eb ofruar mb\u00ebshtetje t\u00eb sinqert\u00eb p\u00ebr qytetar\u00ebt e saj n\u00eb mbrojtjen e t\u00eb drejt\u00ebs p\u00ebr liri. Mali i Zi do t\u00eb vazhdoj\u00eb t\u00eb ndihmoj\u00eb Ukrain\u00ebn n\u00eb k\u00ebt\u00eb koh\u00eb t\u00eb v\u00ebshtir\u00eb dhe katastrof\u00eb humanitare\u201d, shkruan Abazovi\u00e7 n\u00eb Twitter.<\/p>","protected":false},"excerpt":{"rendered":"<p>Kryeministri i Malit t\u00eb Zi, Dritan Abazovi\u00e7, ka b\u00ebr\u00eb me dije se s\u00eb bashku me kryeministrin Edi Rama kan\u00eb mb\u00ebrritur n\u00eb Kiev. \u201cMb\u00ebrrit\u00ebm n\u00eb Kiev me Edi Ram\u00ebn p\u00ebr t\u00eb ofruar mb\u00ebshtetje t\u00eb sinqert\u00eb p\u00ebr qytetar\u00ebt e saj n\u00eb mbrojtjen e t\u00eb drejt\u00ebs p\u00ebr liri. Mali i Zi do t\u00eb vazhdoj\u00eb t\u00eb ndihmoj\u00eb Ukrain\u00ebn n\u00eb [&hellip;]<\/p>\n","protected":false},"author":2031,"featured_media":264552,"comment_status":"closed","ping_status":"closed","sticky":false,"template":"","format":"standard","meta":{"footnotes":""},"categories":[241,231],"tags":[],"class_list":{"0":"post-264551","1":"post","2":"type-post","3":"status-publish","4":"format-standard","5":"has-post-thumbnail","7":"category-aktualitet","8":"category-lajme"},"_links":{"self":[{"href":"https:\/\/zjarr.tv\/en\/wp-json\/wp\/v2\/posts\/264551","targetHints":{"allow":["GET"]}}],"collection":[{"href":"https:\/\/zjarr.tv\/en\/wp-json\/wp\/v2\/posts"}],"about":[{"href":"https:\/\/zjarr.tv\/en\/wp-json\/wp\/v2\/types\/post"}],"author":[{"embeddable":true,"href":"https:\/\/zjarr.tv\/en\/wp-json\/wp\/v2\/users\/2031"}],"replies":[{"embeddable":true,"href":"https:\/\/zjarr.tv\/en\/wp-json\/wp\/v2\/comments?post=264551"}],"version-history":[{"count":0,"href":"https:\/\/zjarr.tv\/en\/wp-json\/wp\/v2\/posts\/264551\/revisions"}],"wp:featuredmedia":[{"embeddable":true,"href":"https:\/\/zjarr.tv\/en\/wp-json\/wp\/v2\/media\/264552"}],"wp:attachment":[{"href":"https:\/\/zjarr.tv\/en\/wp-json\/wp\/v2\/media?parent=264551"}],"wp:term":[{"taxonomy":"category","embeddable":true,"href":"https:\/\/zjarr.tv\/en\/wp-json\/wp\/v2\/categories?post=264551"},{"taxonomy":"post_tag","embeddable":true,"href":"https:\/\/zjarr.tv\/en\/wp-json\/wp\/v2\/tags?post=264551"}],"curies":[{"name":"wp","href":"https:\/\/api.w.org\/{rel}","templated":true}]}}