{"id":264559,"date":"2022-06-15T10:10:27","date_gmt":"2022-06-15T08:10:27","guid":{"rendered":"https:\/\/zjarr.tv\/?p=264559"},"modified":"2022-06-15T10:10:27","modified_gmt":"2022-06-15T08:10:27","slug":"rama-ne-kiev-spiropali-shoqeron-kryeministrin-ja-kur-do-te-takohen-me-zelenskyn","status":"publish","type":"post","link":"https:\/\/zjarr.tv\/en\/rama-ne-kiev-spiropali-shoqeron-kryeministrin-ja-kur-do-te-takohen-me-zelenskyn\/","title":{"rendered":"Rama n\u00eb Kiev, Spiropali shoq\u00ebron kryeministrin, ja kur do t\u00eb takohen me Zelenskyn"},"content":{"rendered":"<p>Kryeministri Rama gjat\u00eb vizit\u00ebs s\u00eb tij n\u00eb Kiev, p\u00ebrve\u00e7 kryeministrit t\u00eb Malit t\u00eb Zi, Dritan Abazovi\u00e7, shoq\u00ebrohet edhe nga ministrja e Shtetit p\u00ebr Marr\u00ebdh\u00ebniet me Parlamentin, Elisa Spiropali, drejtori i Agjencis\u00eb p\u00ebr Media dhe Informim, Endri Fuga, ambasadori i Ukrain\u00ebs n\u00eb Shqip\u00ebri, Volodymyr Shkurov dhe nga k\u00ebshilltari i jasht\u00ebm, Dorjan Du\u00e7ka.<\/p>\n<p>N\u00eb pamjet e publikuara nga kryeministri malazez, shihet teksa kryeministri Edi Rama ec\u00ebn krah p\u00ebr krah me ministren Spiropali.<\/p>\n<p>Rama dhe Abazovi\u00e7 ndodhen n\u00eb Ukrain\u00eb me ftes\u00eb  t\u00eb Presidentit Zelesnky.<\/p>\n<p>Ata kan\u00eb mb\u00ebrritur n\u00eb or\u00ebt e para t\u00eb m\u00ebngjesit t\u00eb sot\u00ebm, pas nj\u00eb udh\u00ebtimi 12 or\u00eb dhe pritet q\u00eb pasdite t\u00eb takojn\u00eb presidentin ukrainas Volodymyr Zelensky.<\/p>","protected":false},"excerpt":{"rendered":"<p>Kryeministri Rama gjat\u00eb vizit\u00ebs s\u00eb tij n\u00eb Kiev, p\u00ebrve\u00e7 kryeministrit t\u00eb Malit t\u00eb Zi, Dritan Abazovi\u00e7, shoq\u00ebrohet edhe nga ministrja e Shtetit p\u00ebr Marr\u00ebdh\u00ebniet me Parlamentin, Elisa Spiropali, drejtori i Agjencis\u00eb p\u00ebr Media dhe Informim, Endri Fuga, ambasadori i Ukrain\u00ebs n\u00eb Shqip\u00ebri, Volodymyr Shkurov dhe nga k\u00ebshilltari i jasht\u00ebm, Dorjan Du\u00e7ka. N\u00eb pamjet e publikuara [&hellip;]<\/p>\n","protected":false},"author":2031,"featured_media":264560,"comment_status":"closed","ping_status":"closed","sticky":false,"template":"","format":"standard","meta":{"footnotes":""},"categories":[241,231],"tags":[],"class_list":{"0":"post-264559","1":"post","2":"type-post","3":"status-publish","4":"format-standard","5":"has-post-thumbnail","7":"category-aktualitet","8":"category-lajme"},"_links":{"self":[{"href":"https:\/\/zjarr.tv\/en\/wp-json\/wp\/v2\/posts\/264559","targetHints":{"allow":["GET"]}}],"collection":[{"href":"https:\/\/zjarr.tv\/en\/wp-json\/wp\/v2\/posts"}],"about":[{"href":"https:\/\/zjarr.tv\/en\/wp-json\/wp\/v2\/types\/post"}],"author":[{"embeddable":true,"href":"https:\/\/zjarr.tv\/en\/wp-json\/wp\/v2\/users\/2031"}],"replies":[{"embeddable":true,"href":"https:\/\/zjarr.tv\/en\/wp-json\/wp\/v2\/comments?post=264559"}],"version-history":[{"count":0,"href":"https:\/\/zjarr.tv\/en\/wp-json\/wp\/v2\/posts\/264559\/revisions"}],"wp:featuredmedia":[{"embeddable":true,"href":"https:\/\/zjarr.tv\/en\/wp-json\/wp\/v2\/media\/264560"}],"wp:attachment":[{"href":"https:\/\/zjarr.tv\/en\/wp-json\/wp\/v2\/media?parent=264559"}],"wp:term":[{"taxonomy":"category","embeddable":true,"href":"https:\/\/zjarr.tv\/en\/wp-json\/wp\/v2\/categories?post=264559"},{"taxonomy":"post_tag","embeddable":true,"href":"https:\/\/zjarr.tv\/en\/wp-json\/wp\/v2\/tags?post=264559"}],"curies":[{"name":"wp","href":"https:\/\/api.w.org\/{rel}","templated":true}]}}