{"id":264567,"date":"2022-06-15T11:34:20","date_gmt":"2022-06-15T09:34:20","guid":{"rendered":"https:\/\/zjarr.tv\/?p=264567"},"modified":"2022-06-15T11:34:20","modified_gmt":"2022-06-15T09:34:20","slug":"presidenti-meta-dekreton-2-gjyqtaret-e-rinj-te-gjykates-se-larte-ja-emrat","status":"publish","type":"post","link":"https:\/\/zjarr.tv\/en\/presidenti-meta-dekreton-2-gjyqtaret-e-rinj-te-gjykates-se-larte-ja-emrat\/","title":{"rendered":"Presidenti Meta dekreton 2 gjyqtar\u00ebt e rinj t\u00eb Gjykat\u00ebs s\u00eb Lart\u00eb, ja emrat"},"content":{"rendered":"<p>Presidenti , Ilir Meta, n\u00eb dat\u00ebn 10 qershor 2022, ka administruar propozimet e K\u00ebshillit t\u00eb Lart\u00eb Gjyq\u00ebsor, p\u00ebr em\u00ebrimin e 2 an\u00ebtar\u00ebve t\u00eb rinj n\u00eb Gjykat\u00ebn s\u00eb Lart\u00eb, <\/p>\n<p>Margarita Buhali dhe Enton Dhimitri, t\u00eb cil\u00ebt jan\u00eb p\u00ebrzgjedhur p\u00ebr t`u em\u00ebruar n\u00eb k\u00ebt\u00eb Gjykat\u00eb p\u00ebrmes procedurave t\u00eb ngritjes n\u00eb detyr\u00eb nga radh\u00ebt e gjyq\u00ebsorit.<\/p>\n<p>Ai ka dekretuar em\u00ebrimin e Margarita Buhalit dhe Enton Dhimitrit si gjyqtar\u00eb t\u00eb Gjykat\u00ebs s\u00eb Lart\u00eb.<\/p>\n<p>NJOFTIMI I PRESIDENCES:<\/p>\n<p>Presidenti i Republik\u00ebs, Sh.T.Z. Ilir Meta, n\u00eb dat\u00ebn 10 qershor 2022, ka administruar propozimet e K\u00ebshillit t\u00eb Lart\u00eb Gjyq\u00ebsor, p\u00ebr em\u00ebrimin e 2 (dy) an\u00ebtar\u00ebve t\u00eb rinj n\u00eb Gjykat\u00ebn s\u00eb Lart\u00eb, znj.Margarita Buhali dhe z.Enton Dhimitri, t\u00eb cil\u00ebt jan\u00eb p\u00ebrzgjedhur p\u00ebr t`u em\u00ebruar n\u00eb k\u00ebt\u00eb Gjykat\u00eb p\u00ebrmes procedurave t\u00eb ngritjes n\u00eb detyr\u00eb nga radh\u00ebt e gjyq\u00ebsorit.<\/p>\n<p>Presidenti Meta, pasi u njoh me vendimmarrjet respektive t\u00eb K\u00ebshillit t\u00eb Lart\u00eb Gjyq\u00ebsor dhe propozimet e p\u00ebrcjella nga ky organ, s\u00eb bashku me praktikat dokumentare t\u00eb ngritjes n\u00eb detyr\u00eb n\u00eb Gjykat\u00ebn e Lart\u00eb, nga radh\u00ebt e gjyqtar\u00ebve, p\u00ebr dy pozicionet e lira n\u00eb fush\u00ebn e t\u00eb drejt\u00ebs civile, t\u00eb shpallura p\u00ebr kandidim q\u00eb prej muajit shkurt 2020, me vullnetin e plot\u00eb q\u00eb Gjykata e Lart\u00eb t\u00eb plot\u00ebsohet me t\u00eb gjith\u00eb trup\u00ebn e nevojshme t\u00eb saj, ku me mij\u00ebra dosje e fate qytetar\u00ebsh presin gjykimin prej vitesh, si dhe duke vler\u00ebsuar t\u00eb mir\u00ebqen\u00eb verifikimin dhe vler\u00ebsimin prej KLGJ-s\u00eb p\u00ebr dy kandidaturat e propozuara, ka vendosur t\u00eb shprehet pa vones\u00eb p\u00ebr pranimin e propozimeve t\u00eb KLGJ-s\u00eb.<\/p>\n<p>P\u00ebr k\u00ebto arsye, n\u00eb mb\u00ebshtetje t\u00eb nenit 93 dhe nenit 136 t\u00eb Kushtetut\u00ebs, nenit 48, pikat 11 dhe 13, t\u00eb ligjit nr. 96\/2016 \u201cP\u00ebr statusin e gjyqtar\u00ebve dhe prokuror\u00ebve n\u00eb Republik\u00ebn e Shqip\u00ebris\u00eb\u201d, i ndryshuar, Presidenti Meta, p\u00ebrfundimisht ka pranuar propozimet e KLGJ-s\u00eb, dhe:<\/p>\n<p>Me Dekretin nr. 13697, dat\u00eb 14.06.2022, ka vendosur q\u00eb Margarita Buhali t\u00eb em\u00ebrohet gjyqtare e Gjykat\u00ebs s\u00eb Lart\u00eb;<\/p>\n<p>Me Dekretin nr. 13698, dat\u00eb 14.06.2022, ka vendosur q\u00eb, Enton Dhimitri t\u00eb em\u00ebrohet gjyqtar n\u00eb Gjykat\u00ebn e Lart\u00eb.<\/p>\n<p>S\u00eb bashku me k\u00ebto 2 (dy) em\u00ebrime t\u00eb reja, Gjykata e Lart\u00eb, nga sot b\u00ebhet me 15 an\u00ebtar\u00eb, nga 19 an\u00ebtar\u00eb, q\u00eb kjo Gjykat\u00eb duhet t\u00eb ket\u00eb n\u00eb p\u00ebrb\u00ebrjen e saj, sipas vendimmarrjes s\u00eb KLGJ-s\u00eb.<\/p>\n<p>Ky \u00ebsht\u00eb nj\u00eb tjet\u00ebr hap pozitiv drejt funksionalitetit t\u00eb plot\u00eb t\u00eb Gjykat\u00ebs s\u00eb Lart\u00eb.  Pas 5-vitesh pamund\u00ebsie p\u00ebr t\u00eb ushtruar plot\u00ebsisht funksionet themelore t\u00eb saj,<br \/>\nme k\u00ebto 2 (dy) em\u00ebrime t\u00eb reja, mund t\u00eb thuhet se Gjykata e Lart\u00eb ka dal\u00eb nga zona e rrezikut dhe e pamund\u00ebsis\u00eb s\u00eb funksionalitetit t\u00eb plot\u00eb t\u00eb saj p\u00ebr t\u00eb p\u00ebrmbushur misionin dhe autoritetin sublim sipas Kushtetut\u00ebs dhe ligjit.<\/p>","protected":false},"excerpt":{"rendered":"<p>Presidenti , Ilir Meta, n\u00eb dat\u00ebn 10 qershor 2022, ka administruar propozimet e K\u00ebshillit t\u00eb Lart\u00eb Gjyq\u00ebsor, p\u00ebr em\u00ebrimin e 2 an\u00ebtar\u00ebve t\u00eb rinj n\u00eb Gjykat\u00ebn s\u00eb Lart\u00eb, Margarita Buhali dhe Enton Dhimitri, t\u00eb cil\u00ebt jan\u00eb p\u00ebrzgjedhur p\u00ebr t`u em\u00ebruar n\u00eb k\u00ebt\u00eb Gjykat\u00eb p\u00ebrmes procedurave t\u00eb ngritjes n\u00eb detyr\u00eb nga radh\u00ebt e gjyq\u00ebsorit. Ai ka [&hellip;]<\/p>\n","protected":false},"author":2031,"featured_media":179131,"comment_status":"closed","ping_status":"closed","sticky":false,"template":"","format":"standard","meta":{"footnotes":""},"categories":[241,231,235],"tags":[],"class_list":{"0":"post-264567","1":"post","2":"type-post","3":"status-publish","4":"format-standard","5":"has-post-thumbnail","7":"category-aktualitet","8":"category-lajme","9":"category-vendi"},"_links":{"self":[{"href":"https:\/\/zjarr.tv\/en\/wp-json\/wp\/v2\/posts\/264567","targetHints":{"allow":["GET"]}}],"collection":[{"href":"https:\/\/zjarr.tv\/en\/wp-json\/wp\/v2\/posts"}],"about":[{"href":"https:\/\/zjarr.tv\/en\/wp-json\/wp\/v2\/types\/post"}],"author":[{"embeddable":true,"href":"https:\/\/zjarr.tv\/en\/wp-json\/wp\/v2\/users\/2031"}],"replies":[{"embeddable":true,"href":"https:\/\/zjarr.tv\/en\/wp-json\/wp\/v2\/comments?post=264567"}],"version-history":[{"count":0,"href":"https:\/\/zjarr.tv\/en\/wp-json\/wp\/v2\/posts\/264567\/revisions"}],"wp:featuredmedia":[{"embeddable":true,"href":"https:\/\/zjarr.tv\/en\/wp-json\/wp\/v2\/media\/179131"}],"wp:attachment":[{"href":"https:\/\/zjarr.tv\/en\/wp-json\/wp\/v2\/media?parent=264567"}],"wp:term":[{"taxonomy":"category","embeddable":true,"href":"https:\/\/zjarr.tv\/en\/wp-json\/wp\/v2\/categories?post=264567"},{"taxonomy":"post_tag","embeddable":true,"href":"https:\/\/zjarr.tv\/en\/wp-json\/wp\/v2\/tags?post=264567"}],"curies":[{"name":"wp","href":"https:\/\/api.w.org\/{rel}","templated":true}]}}