{"id":264570,"date":"2022-06-15T11:43:17","date_gmt":"2022-06-15T09:43:17","guid":{"rendered":"https:\/\/zjarr.tv\/?p=264570"},"modified":"2022-06-15T11:43:17","modified_gmt":"2022-06-15T09:43:17","slug":"ne-kulmin-e-krizes-se-sunny-hill-festival-dhe-open-balkan-qeverite-e-kosoves-dhe-shqiperise-takohen-me-20-qershor","status":"publish","type":"post","link":"https:\/\/zjarr.tv\/en\/ne-kulmin-e-krizes-se-sunny-hill-festival-dhe-open-balkan-qeverite-e-kosoves-dhe-shqiperise-takohen-me-20-qershor\/","title":{"rendered":"N\u00eb kulmin e kriz\u00ebs s\u00eb \u201cSunny Hill Festival\u201d dhe \u201cOpen Balkan\u201d, qeverit\u00eb e Kosov\u00ebs dhe Shqip\u00ebris\u00eb takohen m\u00eb 20 qershor"},"content":{"rendered":"<p>Qeverit\u00eb e Kosov\u00ebs dhe Shqip\u00ebris\u00eb do t\u00eb takohen m\u00eb 20 qershor. M\u00ebsohet se takimi mes dy kabineteve do t\u00eb mbahet n\u00eb Kosov\u00eb.<\/p>\n<p>Mbledhja e fundit e qeverive Kosov\u00eb-Shqip\u00ebri u mbajt n\u00eb fund t\u00eb n\u00ebntorit t\u00eb shkuar n\u00eb Elbasan ku u n\u00ebndshkruan disa marr\u00ebveshje.<\/p>\n<p>Mbledhja e p\u00ebrbashk\u00ebt e qeverive t\u00eb Kosov\u00ebs dhe Shqip\u00ebris\u00eb ka nj\u00eb histori 7 vje\u00e7are.<\/p>\n<p>Gjat\u00eb k\u00ebtyre viteve jan\u00eb firmosur 86 marr\u00ebveshje, memorandume dhe protokolle bashk\u00ebpunimi, ku shumica e tyre jan\u00eb t\u00eb pazbatuara.<\/p>\n<p>Mbledhja e par\u00eb u mbajt m\u00eb 11 janar 2014 n\u00eb Prizren, ku kryeministrat e Shqip\u00ebris\u00eb dhe Kosov\u00ebs, Edi Rama dhe Hashim Tha\u00e7i e cil\u00ebsuan k\u00ebt\u00eb ngjarje si historike p\u00ebr t\u00eb dy vendet dhe n\u00ebnshkruan deklarat\u00ebn p\u00ebr partneritet strategjik.<\/p>\n<p>Pas Tha\u00e7it do t\u00eb ishte ish-kryeministri Isa Mustafa qe do t\u00eb vinte n\u00eb Tiran\u00eb dhe s\u00eb bashku me Ram\u00ebn n\u00eb mbledhjen e 23 marsit 2015 do t\u00eb n\u00ebnshkruanin 5 marr\u00ebveshje, 4 memorandume\u00a0 dhe 2 protokolle bashk\u00ebpunimi.<\/p>\n<p>Tradita vazhdoi edhe me 3 qershor 2016 n\u00eb Prishtin\u00eb, ku ish kryeministri Mustafa ishte mikprit\u00ebsi. M\u00eb pas, me moton \u201cNj\u00eb tok\u00eb, nj\u00eb popull, nj\u00eb \u00ebnd\u00ebrr\u201d mbledhja e 4 e dy qeverive u mbajt ne Kor\u00e7\u00eb\u00a0 m\u00eb 27 n\u00ebntor 2017 ku n\u00eb krah t\u00eb kryeministrit Rama q\u00ebndronte kryeministri Ramush Haradinaj.<\/p>\n<p>Nj\u00eb vit m\u00eb von\u00eb t\u00eb nj\u00ebjtit kryeministra mbledhjen e vazhduan m\u00eb 26 n\u00ebntor n\u00eb qytetin e Pej\u00ebs. N\u00ebn sloganin \u201cbashk\u00eb pa kufij, n\u00eb nj\u00eb rajon pa kufij\u201d u mbajt mbledhja e gjasht\u00eb m\u00eb 2 tetor 2020 ne Tiran\u00eb, ku kryeminist\u00ebr i Kosov\u00ebs ishte Avdulla Hoti.<\/p>","protected":false},"excerpt":{"rendered":"<p>Qeverit\u00eb e Kosov\u00ebs dhe Shqip\u00ebris\u00eb do t\u00eb takohen m\u00eb 20 qershor. M\u00ebsohet se takimi mes dy kabineteve do t\u00eb mbahet n\u00eb Kosov\u00eb. Mbledhja e fundit e qeverive Kosov\u00eb-Shqip\u00ebri u mbajt n\u00eb fund t\u00eb n\u00ebntorit t\u00eb shkuar n\u00eb Elbasan ku u n\u00ebndshkruan disa marr\u00ebveshje. Mbledhja e p\u00ebrbashk\u00ebt e qeverive t\u00eb Kosov\u00ebs dhe Shqip\u00ebris\u00eb ka nj\u00eb histori [&hellip;]<\/p>\n","protected":false},"author":2020,"featured_media":264571,"comment_status":"closed","ping_status":"closed","sticky":false,"template":"","format":"standard","meta":{"footnotes":""},"categories":[241,5380,231],"tags":[],"class_list":{"0":"post-264570","1":"post","2":"type-post","3":"status-publish","4":"format-standard","5":"has-post-thumbnail","7":"category-aktualitet","8":"category-kryesore","9":"category-lajme"},"_links":{"self":[{"href":"https:\/\/zjarr.tv\/en\/wp-json\/wp\/v2\/posts\/264570","targetHints":{"allow":["GET"]}}],"collection":[{"href":"https:\/\/zjarr.tv\/en\/wp-json\/wp\/v2\/posts"}],"about":[{"href":"https:\/\/zjarr.tv\/en\/wp-json\/wp\/v2\/types\/post"}],"author":[{"embeddable":true,"href":"https:\/\/zjarr.tv\/en\/wp-json\/wp\/v2\/users\/2020"}],"replies":[{"embeddable":true,"href":"https:\/\/zjarr.tv\/en\/wp-json\/wp\/v2\/comments?post=264570"}],"version-history":[{"count":0,"href":"https:\/\/zjarr.tv\/en\/wp-json\/wp\/v2\/posts\/264570\/revisions"}],"wp:featuredmedia":[{"embeddable":true,"href":"https:\/\/zjarr.tv\/en\/wp-json\/wp\/v2\/media\/264571"}],"wp:attachment":[{"href":"https:\/\/zjarr.tv\/en\/wp-json\/wp\/v2\/media?parent=264570"}],"wp:term":[{"taxonomy":"category","embeddable":true,"href":"https:\/\/zjarr.tv\/en\/wp-json\/wp\/v2\/categories?post=264570"},{"taxonomy":"post_tag","embeddable":true,"href":"https:\/\/zjarr.tv\/en\/wp-json\/wp\/v2\/tags?post=264570"}],"curies":[{"name":"wp","href":"https:\/\/api.w.org\/{rel}","templated":true}]}}