{"id":264573,"date":"2022-06-15T11:48:51","date_gmt":"2022-06-15T09:48:51","guid":{"rendered":"https:\/\/zjarr.tv\/?p=264573"},"modified":"2022-06-15T11:48:51","modified_gmt":"2022-06-15T09:48:51","slug":"javes-tjeter-samiti-i-be-se-rama-per-politico-eu-nuk-kemi-pritshmeri-asgje-sdo-ndodhe-do-te-kerkojme-ndarjen-nga-maqedonia","status":"publish","type":"post","link":"https:\/\/zjarr.tv\/en\/javes-tjeter-samiti-i-be-se-rama-per-politico-eu-nuk-kemi-pritshmeri-asgje-sdo-ndodhe-do-te-kerkojme-ndarjen-nga-maqedonia\/","title":{"rendered":"Jav\u00ebs tjet\u00ebr samiti i BE-s\u00eb, Rama p\u00ebr Politico.eu: Nuk kemi pritshm\u00ebri, asgj\u00eb s\u2019do ndodh\u00eb. Do t\u00eb k\u00ebrkojm\u00eb ndarjen nga Maqedonia"},"content":{"rendered":"<p>Kryeministri shqiptar Edi Rama tha se nuk pret q\u00eb nj\u00eb samit i BE-s\u00eb jav\u00ebn e ardhshme t\u2019i hap\u00eb rrug\u00ebn vendit t\u00eb tij p\u00ebr t\u00eb filluar bisedimet e an\u00ebtar\u00ebsimit dhe faj\u00ebsoi Bullgarin\u00eb.<\/p>\n<p>T\u00eb gjitha qeverit\u00eb e BE-s\u00eb ran\u00eb dakord q\u00eb n\u00eb mars 2020 t\u2019i japin Shqip\u00ebris\u00eb dhe Maqedonis\u00eb s\u00eb Veriut drit\u00ebn jeshile p\u00ebr fillimin e bisedimeve t\u00eb an\u00ebtar\u00ebsimit. Por negociatat nuk kan\u00eb nisur ende pasi Bullgaria k\u00ebmb\u00ebnguli se donte l\u00ebshime nga Maqedonia e Veriut n\u00eb mosmarr\u00ebveshjet dypal\u00ebshe q\u00eb prekin gjuh\u00ebn, historin\u00eb dhe identitetin.<\/p>\n<p>Megjith\u00ebse bllokada e Sofjes vlen vet\u00ebm p\u00ebr Maqedonin\u00eb e Veriut, BE-ja ka favorizuar trajtimin e ofertave t\u00eb an\u00ebtar\u00ebsimit t\u00eb Shqip\u00ebris\u00eb dhe Maqedonis\u00eb s\u00eb Veriut s\u00eb bashku \u2013 k\u00ebshtu q\u00eb edhe Shqip\u00ebria \u00ebsht\u00eb n\u00eb fakt e bllokuar.<\/p>\n<p>Gjendja e v\u00ebshtir\u00eb e vendeve t\u00eb Ballkanit Per\u00ebndimor \u00ebsht\u00eb nj\u00eb paralajm\u00ebrim n\u00eb koh\u00ebn e duhur n\u00eb lidhje me telashet e pranimit n\u00eb BE p\u00ebr Ukrain\u00ebn, e cila po shtyn n\u00eb mes t\u00eb luft\u00ebs s\u00eb Rusis\u00eb q\u00eb t\u00eb b\u00ebhet nj\u00eb kandidat p\u00ebr an\u00ebtar\u00ebsim n\u00eb BE n\u00eb samitin e jav\u00ebs s\u00eb ardhshme. BE-ja ia dha at\u00eb status Maqedonis\u00eb s\u00eb Veriut n\u00eb 2005 dhe Shqip\u00ebris\u00eb n\u00eb 2014 , megjithat\u00eb nuk ka arritur as t\u00eb filloj\u00eb bisedimet me asnj\u00ebrin vend.<\/p>\n<p>Kancelari gjerman Olaf Scholz vizitoi Bullgarin\u00eb jav\u00ebn e kaluar n\u00eb nj\u00eb p\u00ebrpjekje p\u00ebr t\u00eb kap\u00ebrcyer bllokad\u00ebn e Sofjes p\u00ebrpara samitit t\u00eb ardhsh\u00ebm n\u00eb Bruksel, i cili zhvillohet t\u00eb enjten dhe t\u00eb premten e jav\u00ebs s\u00eb ardhshme. Por, n\u00eb nj\u00eb intervist\u00eb p\u00ebr POLITICO, Rama e b\u00ebri t\u00eb qart\u00eb se ishte pesimist.<\/p>\n<p>\u201cNuk kam asnj\u00eb pritshm\u00ebri. Un\u00eb mendoj se asgj\u00eb nuk do t\u00eb ndodh\u00eb. Shqip\u00ebria dhe Maqedonia e Veriut nuk do t\u00eb hapin zyrtarisht bisedimet p\u00ebr t\u00eb pasur an\u00ebtar\u00ebsim\u201d, tha ai, i ulur n\u00eb nj\u00eb kolltuk l\u00ebkure kafe n\u00eb zyr\u00ebn e tij n\u00eb Tiran\u00eb.<\/p>\n<p>I pyetur n\u00ebse ndonj\u00eb lider i BE-s\u00eb kishte sinjalizuar se bisedimet mund t\u00eb fillojn\u00eb s\u00eb shpejti, Rama u p\u00ebrgjigj: \u201c\u00c7far\u00eb sinjalesh mund t\u00eb japin? Nuk b\u00ebhet fjal\u00eb p\u00ebr ta. P\u00ebrs\u00ebri, b\u00ebhet fjal\u00eb p\u00ebr Bullgarin\u00eb. T\u00eb gjith\u00eb jan\u00eb dakord, t\u00eb gjith\u00eb mb\u00ebshtesin, t\u00eb gjith\u00eb mendojn\u00eb se kjo duhet t\u00eb ndodh\u00eb, dhe kjo duhet t\u00eb kishte ndodhur tashm\u00eb. Por kufiri i tyre i manovrimit \u00ebsht\u00eb i kufizuar nga Bullgaria.\u201d<\/p>\n<p>&nbsp;<\/p>\n<p>Rama, 57 vje\u00e7, nj\u00eb ish-basketbollist dhe nj\u00eb piktor \u2013 i cili ka mbuluar muret e zyr\u00ebs s\u00eb tij me veprat e tij shum\u00ebngjyr\u00ebshe \u2013 tha se nuk priste q\u00eb udh\u00ebheq\u00ebsit bullgar\u00eb t\u00eb ndryshonin pozicionin e tyre, pasi ata e kishin b\u00ebr\u00eb mosmarr\u00ebveshjen n\u00eb nj\u00eb \u00e7\u00ebshtje kaq t\u00eb madhe sa ishte shum\u00eb e v\u00ebshtir\u00eb t\u00eb t\u00ebrhiqesh.<\/p>\n<p>&nbsp;<\/p>\n<p>\u201c\u00cbsht\u00eb nj\u00eb spirale. Ata kan\u00eb hyr\u00eb n\u00eb nj\u00eb spirale. Dhe nga kjo spirale, \u00ebsht\u00eb shum\u00eb, shum\u00eb e v\u00ebshtir\u00eb t\u00eb dal\u00ebsh\u201d, deklaroi Rama, i cili do t\u00eb marr\u00eb pjes\u00eb n\u00eb nj\u00eb takim t\u00eb lider\u00ebve t\u00eb Ballkanit Per\u00ebndimor dhe BE-s\u00eb n\u00eb Bruksel p\u00ebrpara samitit.<\/p>\n<p>&nbsp;<\/p>\n<p>Zyrtar\u00ebt bullgar\u00eb kan\u00eb mbrojtur q\u00ebndrimin e tyre, duke k\u00ebmb\u00ebngulur se ata thjesht po i k\u00ebrkojn\u00eb Maqedonis\u00eb s\u00eb Veriut q\u00eb t\u2019u p\u00ebrmbahet angazhimeve t\u00eb m\u00ebparshme dhe t\u00eb k\u00ebrkoj\u00eb t\u00eb mbroj\u00eb t\u00eb drejtat e bullgar\u00ebve n\u00eb vend.<\/p>\n<p>&nbsp;<\/p>\n<p>Maqedonia e Veriut, nga ana e saj, ka deklaruar se po b\u00ebn p\u00ebrpjekje me mir\u00ebbesim p\u00ebr t\u2019u angazhuar me Sofjen dhe theksoi se nj\u00eb mosmarr\u00ebveshje dypal\u00ebshe nuk duhet t\u00eb pengoj\u00eb fillimin e bisedimeve midis BE-s\u00eb dhe nj\u00eb an\u00ebtari t\u00eb mundsh\u00ebm.<\/p>\n<p>&nbsp;<\/p>\n<p>Rama konfirmoi se n\u00ebse nuk ka p\u00ebrparim k\u00ebt\u00eb muaj, ai do t\u00eb k\u00ebrkoj\u00eb q\u00eb oferta e Shqip\u00ebris\u00eb p\u00ebr an\u00ebtar\u00ebsim t\u00eb trajtohet ve\u00e7mas nga ajo e Maqedonis\u00eb s\u00eb Veriut \u2013 nj\u00eb hap q\u00eb BE deri tani ka hezituar ta nd\u00ebrmarr\u00eb, me zyrtar\u00ebt q\u00eb argumentojn\u00eb se do t\u00eb ishte m\u00eb mir\u00eb p\u00ebr stabilitetin rajonal n\u00ebse dy fqinj\u00ebt mund t\u00eb p\u00ebrparonin s\u00eb bashku.<\/p>\n<p>&nbsp;<\/p>\n<p>\u201cN\u00ebse asgj\u00eb nuk ndodh n\u00eb qershor, ne do t\u00eb k\u00ebrkojm\u00eb t\u00eb ndahemi nga ky \u00e7ift i humbur n\u00eb p\u00ebrkthim\u201d, tha Rama. \u201cKam besim se kjo \u00ebsht\u00eb ajo q\u00eb duhet t\u00eb b\u00ebjm\u00eb, at\u00ebher\u00eb n\u00ebse [udh\u00ebheq\u00ebsit e BE-s\u00eb] do t\u00eb bien dakord apo jo, do t\u00eb shohim.\u201d<\/p>\n<p>&nbsp;<\/p>\n<p>Mb\u00ebshtetje p\u00ebr Macron<\/p>\n<p>&nbsp;<\/p>\n<p>Udh\u00ebheq\u00ebsi shqiptar tha gjithashtu se ai mb\u00ebshtet iden\u00eb e presidentit francez Emmanuel Macron p\u00ebr nj\u00eb Komunitet Politik Evropian \u2013 nj\u00eb organizat\u00eb q\u00eb do t\u00eb ishte e hapur si p\u00ebr an\u00ebtar\u00ebt ashtu edhe p\u00ebr jo an\u00ebtar\u00ebt e BE-s\u00eb.<\/p>\n<p>&nbsp;<\/p>\n<p>\u201cUn\u00eb mendoj se ai ka t\u00eb drejt\u00eb. Kjo duhet t\u00eb ishte b\u00ebr\u00eb shum\u00eb koh\u00eb m\u00eb par\u00eb\u2026 sepse kjo \u00ebsht\u00eb vizionare\u201d, tha Rama, nd\u00ebrsa nuk pranoi t\u00eb hynte n\u00eb detaje p\u00ebr form\u00ebn q\u00eb duhet t\u00eb marr\u00eb komuniteti.<\/p>\n<p>&nbsp;<\/p>\n<p>\u201cKjo mund t\u00eb diskutohet, por n\u00eb parim, t\u00eb kesh nj\u00eb komunitet politik i cili organizohet n\u00eb m\u00ebnyra t\u00eb ndryshme \u2026 \u00ebsht\u00eb shum\u00eb e r\u00ebnd\u00ebsishme dhe \u00ebsht\u00eb p\u00ebrtej Bashkimit Evropian q\u00eb kemi sot \u2026 i cili qart\u00ebsisht nuk \u00ebsht\u00eb n\u00eb gjendje t\u00eb p\u00ebrballet me sfidat e koh\u00ebs q\u00eb jan\u00eb p\u00ebrpara\u201d, tha ai.<\/p>\n<p>Macron e p\u00ebrcaktoi planin e tij pjes\u00ebrisht si nj\u00eb p\u00ebrgjigje ndaj luft\u00ebs n\u00eb Ukrain\u00eb, duke sugjeruar se komuniteti i propozuar do t\u00eb ishte nj\u00eb m\u00ebnyr\u00eb m\u00eb e shpejt\u00eb p\u00ebr Kievin p\u00ebr t\u2019u integruar n\u00eb strukturat politike evropiane sesa procesi i gjat\u00eb i pranimit n\u00eb BE.<\/p>\n<p>konfliktet e Rusis\u00eb ka nxjerr\u00eb n\u00eb pah edhe ndarjet n\u00eb Ballkanin Per\u00ebndimor. Disa vende \u2013 si Shqip\u00ebria \u2013 e kan\u00eb ndjekur BE-n\u00eb n\u00eb vendosjen e sanksioneve ndaj Rusis\u00eb, nd\u00ebrsa t\u00eb tjer\u00ebt\u00a0 si Serbia \u2013 jo.<\/p>\n<p>Megjith\u00ebse Serbia dhe Shqip\u00ebria kan\u00eb qen\u00eb shpesh n\u00eb mosmarr\u00ebveshje gjat\u00eb dekadave, Rama u lut p\u00ebr mir\u00ebkuptim p\u00ebr pozicionin e Beogradit. Duhet t\u00eb kuptoni se Serbia \u00ebsht\u00eb n\u00eb nj\u00eb pozicion shum\u00eb t\u00eb ndrysh\u00ebm nga shum\u00eb t\u00eb tjera, p\u00ebr shkak t\u00eb historis\u00eb s\u00eb saj, p\u00ebr shkak t\u00eb lidhjeve t\u00eb ve\u00e7anta me Rusin\u00eb,\u201d tha ai.<\/p>\n<p>Ai tha se besonte se Serbia duhet t\u00eb vendos\u00eb sanksione me kalimin e koh\u00ebs, por paralajm\u00ebroi kund\u00ebr shtyrjes s\u00eb Beogradit, i cili \u00ebsht\u00eb shum\u00eb i varur nga Moska p\u00ebr furnizimet me energji, p\u00ebr t\u00eb b\u00ebr\u00eb shum\u00eb shpejt.<\/p>\n<p>\u201cT\u00eb k\u00ebrkosh q\u00eb t\u00eb shkojn\u00eb atje, tani, dhe n\u00eb t\u00eb gjith\u00eb gam\u00ebn, \u00ebsht\u00eb praktikisht e pamundur \u2026 \u00cbsht\u00eb vet\u00ebvras\u00ebse p\u00ebr ekonomin\u00eb e tyre,\u201d tha ai. Ushtrimi i tep\u00ebrt i presionit per\u00ebndimor mbi Serbin\u00eb mund t\u00eb jet\u00eb i d\u00ebmsh\u00ebm p\u00ebr stabilitetin e rajonit t\u00eb Ballkanit Per\u00ebndimor, paralajm\u00ebroi Rama.<\/p>\n<p>\u201cNe ndonj\u00ebher\u00eb duhet t\u00eb durojm\u00eb me t\u00eb tjer\u00ebt dhe t\u00eb kuptojm\u00eb se \u00e7far\u00eb po ndodh, p\u00ebrndryshe nuk mund ta mbajm\u00eb k\u00ebt\u00eb komunitet t\u00eb bashkuar p\u00ebr q\u00ebllime m\u00eb t\u00eb larta dhe m\u00eb t\u00eb mira,\u201d tha ai. Mendoj se Serbia \u00ebsht\u00eb n\u00eb rrug\u00ebn e duhur. Sigurisht, jo me shpejt\u00ebsin\u00eb q\u00eb mund t\u00eb na p\u00eblqen, mund t\u00eb d\u00ebshirojm\u00eb. Por m\u00eb besoni, skenar\u00ebt e tjer\u00eb jan\u00eb v\u00ebrtet shum\u00eb t\u00eb keq p\u00ebr t\u00eb gjith\u00eb dhe ve\u00e7an\u00ebrisht p\u00ebr k\u00ebt\u00eb rajon\u201d, tha Rama.<\/p>\n","protected":false},"excerpt":{"rendered":"<p>Kryeministri shqiptar Edi Rama tha se nuk pret q\u00eb nj\u00eb samit i BE-s\u00eb jav\u00ebn e ardhshme t\u2019i hap\u00eb rrug\u00ebn vendit t\u00eb tij p\u00ebr t\u00eb filluar bisedimet e an\u00ebtar\u00ebsimit dhe faj\u00ebsoi Bullgarin\u00eb. T\u00eb gjitha qeverit\u00eb e BE-s\u00eb ran\u00eb dakord q\u00eb n\u00eb mars 2020 t\u2019i japin Shqip\u00ebris\u00eb dhe Maqedonis\u00eb s\u00eb Veriut drit\u00ebn jeshile p\u00ebr fillimin e bisedimeve [&hellip;]<\/p>\n","protected":false},"author":2020,"featured_media":264574,"comment_status":"closed","ping_status":"closed","sticky":false,"template":"","format":"standard","meta":{"footnotes":""},"categories":[241,5380,231],"tags":[],"class_list":{"0":"post-264573","1":"post","2":"type-post","3":"status-publish","4":"format-standard","5":"has-post-thumbnail","7":"category-aktualitet","8":"category-kryesore","9":"category-lajme"},"_links":{"self":[{"href":"https:\/\/zjarr.tv\/en\/wp-json\/wp\/v2\/posts\/264573","targetHints":{"allow":["GET"]}}],"collection":[{"href":"https:\/\/zjarr.tv\/en\/wp-json\/wp\/v2\/posts"}],"about":[{"href":"https:\/\/zjarr.tv\/en\/wp-json\/wp\/v2\/types\/post"}],"author":[{"embeddable":true,"href":"https:\/\/zjarr.tv\/en\/wp-json\/wp\/v2\/users\/2020"}],"replies":[{"embeddable":true,"href":"https:\/\/zjarr.tv\/en\/wp-json\/wp\/v2\/comments?post=264573"}],"version-history":[{"count":0,"href":"https:\/\/zjarr.tv\/en\/wp-json\/wp\/v2\/posts\/264573\/revisions"}],"wp:featuredmedia":[{"embeddable":true,"href":"https:\/\/zjarr.tv\/en\/wp-json\/wp\/v2\/media\/264574"}],"wp:attachment":[{"href":"https:\/\/zjarr.tv\/en\/wp-json\/wp\/v2\/media?parent=264573"}],"wp:term":[{"taxonomy":"category","embeddable":true,"href":"https:\/\/zjarr.tv\/en\/wp-json\/wp\/v2\/categories?post=264573"},{"taxonomy":"post_tag","embeddable":true,"href":"https:\/\/zjarr.tv\/en\/wp-json\/wp\/v2\/tags?post=264573"}],"curies":[{"name":"wp","href":"https:\/\/api.w.org\/{rel}","templated":true}]}}