{"id":264583,"date":"2022-06-15T12:08:36","date_gmt":"2022-06-15T10:08:36","guid":{"rendered":"https:\/\/zjarr.tv\/?p=264583"},"modified":"2022-06-15T12:08:36","modified_gmt":"2022-06-15T10:08:36","slug":"vizita-e-rames-ne-ukraine-gjekmarkaj-te-kete-kujdes-se-mos-e-marrin-peng","status":"publish","type":"post","link":"https:\/\/zjarr.tv\/en\/vizita-e-rames-ne-ukraine-gjekmarkaj-te-kete-kujdes-se-mos-e-marrin-peng\/","title":{"rendered":"Vizita e Ram\u00ebs n\u00eb Ukrain\u00eb, Gjekmarkaj: T\u00eb ket\u00eb kujdes se mos e marrin peng"},"content":{"rendered":"<p>Deputeti i PD-s\u00eb, Agron Gjekmarkaj ka komentuar vizit\u00ebn e kryeministrit Edi Rama n\u00eb Kiev. Me ton ironizues Gjekmarkaj paralajm\u00ebron nj\u00eb fund t\u00eb keq p\u00ebr Ram\u00ebn n\u00eb Ukrain\u00eb. Deputeti shkruan se Rama po i m\u00ebson Zelenskyt taktikat e luft\u00ebs guerrile, duke e paralajm\u00ebruar t\u00eb b\u00ebj\u00eb kujdes se mos e marrin peng.<\/p>\n<p>Kryeministri Edi Rama n\u00eb or\u00ebt e para t\u00eb m\u00ebngjesit s\u00eb 15 qershorit ka mb\u00ebrritur n\u00eb kryeqytetin e Ukrain\u00ebs, Kiev.<\/p>\n<p>I pari i qeveris\u00eb n\u00eb k\u00ebt\u00eb udh\u00ebtim ka qen\u00eb bashk\u00eb me kryeministrin e Malit t\u00eb Zi, Dritan Abazovi\u00e7 dhe kan\u00eb udh\u00ebtuar fillimisht drejt Polonis\u00eb, nd\u00ebrsa prej andej jan\u00eb nisur me tren p\u00ebr n\u00eb zem\u00ebr t\u00eb Ukrain\u00ebs.<\/p>\n<p>Dy krer\u00ebt e Qeverive t\u00eb Ballkanit Per\u00ebndimor u prit\u00ebn nga forca t\u00eb shumta ushtarake dhe delegacioni ukrainas, raporton AP. T\u00eb shoq\u00ebruar nga delegacionet p\u00ebrkat\u00ebse, ata do t\u00eb nisen fillimisht drejt rajonit t\u00eb Buchas, ku masakra ruse \u00ebsht\u00eb v\u00ebrtetuar m\u00eb s\u00eb shumti. Rama dhe Abazovi\u00e7 do t\u00eb vizitojn\u00eb zonat e bombarduara t\u00eb Borodyanka-s dhe Irpin-it dhe ekspozit\u00ebn p\u00ebr luft\u00ebn ruso-ukrainase.<\/p>\n<p>M\u00eb pas n\u00eb or\u00ebt e para t\u00eb mesdit\u00ebs ata do t\u00eb takohen me presidentin e Ukrain\u00ebs, Volodymyr Zelensky. Nga aty tre lider\u00ebt do t\u00eb mbajn\u00eb nj\u00eb konferenc\u00eb t\u00eb p\u00ebrbashk\u00ebt p\u00ebr shtyp. Vizita do t\u00eb vijoj\u00eb me takimin e kryeministrit t\u00eb Ukrain\u00ebs, Denys Shmyhal, dhe kryebashkiakut t\u00eb Kievit, Vitali Klitschko.<\/p>\n<p>Rama \u00ebsht\u00eb i shoq\u00ebruar nga Elisa Spiropali, Ministrja e Shtetit p\u00ebr Marr\u00ebdh\u00ebniet me Parlamentin, Endri Fuga, Drejtor i Agjencis\u00eb p\u00ebr Media dhe Informim, Volodymyr Shkurov, Ambasador i Republik\u00ebs s\u00eb Ukrain\u00ebs n\u00eb Shqip\u00ebri, Dorjan Du\u00e7ka, K\u00ebshilltar i jasht\u00ebm.<\/p>\n<p>REAGIMI I GJEKMARKAJT<\/p>\n<p>Babo i m\u00ebson Zelenskit taktikat e luftes guerrile.<\/p>\n<p>Nj\u00eb ngjarje e madhe ndodhi sot n\u00eb Bot\u00eb. Si jetim i la evleterit e tij. Babo mori rrug\u00ebn atje ku lufta ndizet zhari. Dol\u00ebn ministrush\u00ebt e ministrushet q\u00eb me nat\u00eb n\u00eb aeroport e nj\u00eb e nga nj\u00eb me Babon p\u00ebrqafoheshin si shoket e malit dikur motit! Babo ruhu! Kujdes Babo! Mendo Kombin Babo mes hukamash e vajit i jepnin ngjatetimin e fundit heroit q\u00eb v\u00ebshtrimin n\u00eb horizontin e agimit ngulte. N\u00eb at\u00eb mugetir\u00eb shpirtrash t\u00eb zalisur u ndie nj\u00eb z\u00eb Babo , Bobo a do me sjellesh matrioshka ruse? Tridhjet\u00eb shikime acar ran\u00eb mbi t\u00eb! Babo po shkon t\u00eb luftoj\u00eb kund\u00ebr ruseve dhe mallrat e tyre jan\u00eb n\u00ebn embargo. Babo psher\u00ebtiu !! Por n\u00eb fund u nda me t\u00eb gjith\u00eb si Kostandini me Dhoqin\u00ebn.<\/p>\n<p>Pastaj hajde mos thuaj q\u00eb Babo nuk \u00ebsht\u00eb trim si Selam Musai apo Mic Sokoli. Zulmen e kombit e ngjiti n\u00eb apogje. Sapo aeroplani u shfaq n\u00eb qiellin e Kievit ruset e mor\u00ebn vesh, ik\u00ebn nga syt\u00eb k\u00ebmb\u00ebt dhe u futen n\u00eb vendstrehime. Ca prej tyre kishin mbushur poturet, dhe duhma e grosh\u00ebs tartare ndihej n\u00eb aj\u00ebr. Erdhi than\u00eb zjarrmi i tok\u00ebs Skenderbeu i shqiptar\u00ebve.<\/p>\n<p>Hajde mos t\u00eb iknin se ulej dhe i b\u00ebnte rezil me dy a tre thagma nga t\u00eb vetat.<\/p>\n<p>Populli martir harroi vuajtjet kur p\u00ebllumbi i paqes po ulej. Babo \u00ebsht\u00eb apostull i liris\u00eb dhe armik i tiranis\u00eb.<\/p>\n<p>Sapo u takua me Zelenskin pa shk\u00ebmbyer mir\u00eb p\u00ebrsh\u00ebndetjet e rastit, i tha: me jep nj\u00eb helmet\u00eb-eja t\u00eb ikim n\u00eb front ! Un\u00eb vertet\u00eb jam m\u00eb artisti i Kryeministrave dhe Kryeministri m\u00eb i mir\u00eb i artist\u00ebve si\u00e7 do ta p\u00ebrkufizonte K\u00ebthe Spiri por di edhe art ushtarak.<\/p>\n<p>Jo v\u00eblla, ja ktheu Vlodimiri \u00ebsht\u00eb me rrezik t\u00eb madh kam p\u00ebrgjegj\u00ebsi p\u00ebr ty, je goxha udh\u00ebheq\u00ebs, shef i nj\u00eb vendi t\u00eb Natos!!<\/p>\n<p>E t\u00eb z\u00ebn\u00eb rob, \u00e7\u2019 na mbet, ku i dihet ata ushtaret kan\u00eb lexuar tregimin t\u00ebnd antologjik t\u00eb p\u00ebrkthyer n\u00eb \u00e7do gjuh\u00eb \u201cIna Ina hiqi brek\u00ebt\u201d e na gjen belaja se tani nuk u b\u00ebjn\u00eb syt\u00eb drit\u00eb nga humbjet.<\/p>\n<p>Babo i tha d\u00ebgjo! Un\u00eb kam eksperienc\u00eb t\u00eb madhe me taktikat guerrile ndaj kam ardhur t\u00eb ti m\u00ebsoj dhe ty !<\/p>","protected":false},"excerpt":{"rendered":"<p>Deputeti i PD-s\u00eb, Agron Gjekmarkaj ka komentuar vizit\u00ebn e kryeministrit Edi Rama n\u00eb Kiev. Me ton ironizues Gjekmarkaj paralajm\u00ebron nj\u00eb fund t\u00eb keq p\u00ebr Ram\u00ebn n\u00eb Ukrain\u00eb. Deputeti shkruan se Rama po i m\u00ebson Zelenskyt taktikat e luft\u00ebs guerrile, duke e paralajm\u00ebruar t\u00eb b\u00ebj\u00eb kujdes se mos e marrin peng. Kryeministri Edi Rama n\u00eb or\u00ebt [&hellip;]<\/p>\n","protected":false},"author":2020,"featured_media":264584,"comment_status":"closed","ping_status":"closed","sticky":false,"template":"","format":"standard","meta":{"footnotes":""},"categories":[241,231],"tags":[],"class_list":{"0":"post-264583","1":"post","2":"type-post","3":"status-publish","4":"format-standard","5":"has-post-thumbnail","7":"category-aktualitet","8":"category-lajme"},"_links":{"self":[{"href":"https:\/\/zjarr.tv\/en\/wp-json\/wp\/v2\/posts\/264583","targetHints":{"allow":["GET"]}}],"collection":[{"href":"https:\/\/zjarr.tv\/en\/wp-json\/wp\/v2\/posts"}],"about":[{"href":"https:\/\/zjarr.tv\/en\/wp-json\/wp\/v2\/types\/post"}],"author":[{"embeddable":true,"href":"https:\/\/zjarr.tv\/en\/wp-json\/wp\/v2\/users\/2020"}],"replies":[{"embeddable":true,"href":"https:\/\/zjarr.tv\/en\/wp-json\/wp\/v2\/comments?post=264583"}],"version-history":[{"count":0,"href":"https:\/\/zjarr.tv\/en\/wp-json\/wp\/v2\/posts\/264583\/revisions"}],"wp:featuredmedia":[{"embeddable":true,"href":"https:\/\/zjarr.tv\/en\/wp-json\/wp\/v2\/media\/264584"}],"wp:attachment":[{"href":"https:\/\/zjarr.tv\/en\/wp-json\/wp\/v2\/media?parent=264583"}],"wp:term":[{"taxonomy":"category","embeddable":true,"href":"https:\/\/zjarr.tv\/en\/wp-json\/wp\/v2\/categories?post=264583"},{"taxonomy":"post_tag","embeddable":true,"href":"https:\/\/zjarr.tv\/en\/wp-json\/wp\/v2\/tags?post=264583"}],"curies":[{"name":"wp","href":"https:\/\/api.w.org\/{rel}","templated":true}]}}