{"id":264600,"date":"2022-06-15T13:05:05","date_gmt":"2022-06-15T11:05:05","guid":{"rendered":"https:\/\/zjarr.tv\/?p=264600"},"modified":"2022-06-15T13:05:05","modified_gmt":"2022-06-15T11:05:05","slug":"bledian-koka-cfare-beme-31-vjet-edhe-sot-komunizmi-nuk-lejon-qe-djemte-e-saj-te-prishin-figuren-e-partise","status":"publish","type":"post","link":"https:\/\/zjarr.tv\/en\/bledian-koka-cfare-beme-31-vjet-edhe-sot-komunizmi-nuk-lejon-qe-djemte-e-saj-te-prishin-figuren-e-partise\/","title":{"rendered":"Bledian Koka: \u00c7far\u00eb b\u00ebm\u00eb 31 vjet?\u00a0 Edhe sot komunizmi nuk lejon q\u00eb djemt\u00eb e saj t\u00eb prishin figur\u00ebn e partis\u00eb"},"content":{"rendered":"<p>Lezhe, 40 vjet me pare e 40 vjet me pas!<\/p>\n<p>40 vite me pare Dash Peza ishte nje student dhe partia e kishte derguar te bente zborin ne Lezhe. Dashi i Myslimit merr ca shoke dhe iken duke braktisur zborin. <\/p>\n<p>Policia ushtarake i gjen dhe i arreston. <\/p>\n<p>Ndersa oficeri po i merrte ne pyetje per gjeneralitetet dhe po i kumtonte denimet per dezertimin pyetin te riun qe i prezantohet. <\/p>\n<p>&#8220;Dashamir Myslim Peza&#8221;-quhem. <\/p>\n<p>&#8220;Dashii ti je mo, sa qenke rritur&#8221;-i thote oficeri, i cili e heq menjane Dashin dhe nuk e akuzon per asgje. 40 vjet me pas, policia arrestoi nje jave me pare Gezim &#8220;Xhimi&#8221; <\/p>\n<p>Dashamir Pezen me droge ne mes te Shengjinit. <\/p>\n<p>Sapo u mor vesh qe eshte djali i Dash Pezes, lajmi fshihet dhe ai lirohet brenda pak oresh me nderhyrjen e te gjithe aparatit te shtetit. <\/p>\n<p>Sepse komunizmi nuk lejon qe djemte e saj te prishin figuren e partise, megjithese ferra ka kohe qe ka marre uraten!&#8230;<\/p>\n<p>p.s&#8230;ku ishim? Asgjekundi! Cfare beme 31 vjet? Hic gjesendi!<\/p>","protected":false},"excerpt":{"rendered":"<p>Lezhe, 40 vjet me pare e 40 vjet me pas! 40 vite me pare Dash Peza ishte nje student dhe partia e kishte derguar te bente zborin ne Lezhe. Dashi i Myslimit merr ca shoke dhe iken duke braktisur zborin. Policia ushtarake i gjen dhe i arreston. Ndersa oficeri po i merrte ne pyetje per [&hellip;]<\/p>\n","protected":false},"author":2031,"featured_media":264601,"comment_status":"closed","ping_status":"closed","sticky":false,"template":"","format":"standard","meta":{"footnotes":""},"categories":[241,364,231,235],"tags":[],"class_list":{"0":"post-264600","1":"post","2":"type-post","3":"status-publish","4":"format-standard","5":"has-post-thumbnail","7":"category-aktualitet","8":"category-koment-opinion","9":"category-lajme","10":"category-vendi"},"_links":{"self":[{"href":"https:\/\/zjarr.tv\/en\/wp-json\/wp\/v2\/posts\/264600","targetHints":{"allow":["GET"]}}],"collection":[{"href":"https:\/\/zjarr.tv\/en\/wp-json\/wp\/v2\/posts"}],"about":[{"href":"https:\/\/zjarr.tv\/en\/wp-json\/wp\/v2\/types\/post"}],"author":[{"embeddable":true,"href":"https:\/\/zjarr.tv\/en\/wp-json\/wp\/v2\/users\/2031"}],"replies":[{"embeddable":true,"href":"https:\/\/zjarr.tv\/en\/wp-json\/wp\/v2\/comments?post=264600"}],"version-history":[{"count":0,"href":"https:\/\/zjarr.tv\/en\/wp-json\/wp\/v2\/posts\/264600\/revisions"}],"wp:featuredmedia":[{"embeddable":true,"href":"https:\/\/zjarr.tv\/en\/wp-json\/wp\/v2\/media\/264601"}],"wp:attachment":[{"href":"https:\/\/zjarr.tv\/en\/wp-json\/wp\/v2\/media?parent=264600"}],"wp:term":[{"taxonomy":"category","embeddable":true,"href":"https:\/\/zjarr.tv\/en\/wp-json\/wp\/v2\/categories?post=264600"},{"taxonomy":"post_tag","embeddable":true,"href":"https:\/\/zjarr.tv\/en\/wp-json\/wp\/v2\/tags?post=264600"}],"curies":[{"name":"wp","href":"https:\/\/api.w.org\/{rel}","templated":true}]}}