{"id":264785,"date":"2022-06-16T13:53:07","date_gmt":"2022-06-16T11:53:07","guid":{"rendered":"https:\/\/zjarr.tv\/?p=264785"},"modified":"2022-06-16T13:53:07","modified_gmt":"2022-06-16T11:53:07","slug":"arrestimi-i-keshilltarit-te-veliajt-strazimiri-keta-te-gjithe-arrestohen-ne-baze-te-nenit-283-a-trafiku-i-narkotikeve","status":"publish","type":"post","link":"https:\/\/zjarr.tv\/en\/arrestimi-i-keshilltarit-te-veliajt-strazimiri-keta-te-gjithe-arrestohen-ne-baze-te-nenit-283-a-trafiku-i-narkotikeve\/","title":{"rendered":"Arrestimi i k\u00ebshilltarit t\u00eb Veliajt, Strazimiri: K\u00ebta t\u00eb gjith\u00eb arrestohen n\u00eb baz\u00eb t\u00eb nenit 283\/a, \u2018trafiku i narkotik\u00ebve\u2019"},"content":{"rendered":"<p>An\u00ebtari i Kryesis\u00eb s\u00eb Partis\u00eb Demokratike Gent Strazimiri ka reaguar pas arrestimit p\u00ebr lidhje me trafikun e drog\u00ebs nga porti i Durr\u00ebsit t\u00eb nj\u00eb k\u00ebshilltari socialist n\u00eb Bashkin\u00eb e Tiran\u00ebs.<\/p>\n<p>\u201cK\u00ebta t\u00eb gjith\u00eb arrestohen ekskluzivisht n\u00eb baz\u00eb t\u00eb nenit 283\/a, \u201cTrafiku i narkotik\u00ebve\u201d\u2026shkruan ish deputeti demokrat n\u00eb nj\u00eb postim n\u00eb facebook.<\/p>\n<p>Sipas Strazimirit kjo \u00ebsht\u00eb nj\u00eb, \u201corganizim i planifikuar, sistemik dhe p\u00ebrs\u00ebrit\u00ebs, me mb\u00ebshtetje t\u00eb strukturuar financiare e politike!!\u201d<\/p>\n<p>Postimi i plot\u00eb:<\/p>\n<p>Nga 334 nene q\u00eb ka \u201cKodi Penal i Republik\u00ebs\u201d, k\u00ebta t\u00eb gjith\u00eb arrestohen ekskluzivisht n\u00eb baz\u00eb t\u00eb nenit 283\/a, \u201cTrafiku i narkotik\u00ebve\u201d\u2026<\/p>\n<p>T\u00cb GJITH\u00cb!!!<\/p>\n<p>1 rast \u00ebsht\u00eb 1 rast;<\/p>\n<p>2 raste \u00ebsht\u00eb nj\u00eb rast\u00ebsi;<\/p>\n<p>3\u2026 4\u2026 5 raste, t\u00eb gjith\u00eb me kokain\u00eb\u2026 t\u00eb gjith\u00eb me pozicione politike t\u00eb partis\u00eb s\u00eb vetme n\u00eb pushtet, \u00ebsht\u00eb:<\/p>\n<p>organizim i planifikuar, sistemik dhe p\u00ebrs\u00ebrit\u00ebs, me mb\u00ebshtetje t\u00eb strukturuar financiare e politike!!<\/p>\n<p>SPAK YOU \u2026q\u00eb b\u00ebn sikur nuk e kupton!<\/p>\n<p>KAQ!!!<\/p>","protected":false},"excerpt":{"rendered":"<p>An\u00ebtari i Kryesis\u00eb s\u00eb Partis\u00eb Demokratike Gent Strazimiri ka reaguar pas arrestimit p\u00ebr lidhje me trafikun e drog\u00ebs nga porti i Durr\u00ebsit t\u00eb nj\u00eb k\u00ebshilltari socialist n\u00eb Bashkin\u00eb e Tiran\u00ebs. \u201cK\u00ebta t\u00eb gjith\u00eb arrestohen ekskluzivisht n\u00eb baz\u00eb t\u00eb nenit 283\/a, \u201cTrafiku i narkotik\u00ebve\u201d\u2026shkruan ish deputeti demokrat n\u00eb nj\u00eb postim n\u00eb facebook. Sipas Strazimirit kjo \u00ebsht\u00eb [&hellip;]<\/p>\n","protected":false},"author":2020,"featured_media":264786,"comment_status":"closed","ping_status":"closed","sticky":false,"template":"","format":"standard","meta":{"footnotes":""},"categories":[241,5380,231],"tags":[],"class_list":{"0":"post-264785","1":"post","2":"type-post","3":"status-publish","4":"format-standard","5":"has-post-thumbnail","7":"category-aktualitet","8":"category-kryesore","9":"category-lajme"},"_links":{"self":[{"href":"https:\/\/zjarr.tv\/en\/wp-json\/wp\/v2\/posts\/264785","targetHints":{"allow":["GET"]}}],"collection":[{"href":"https:\/\/zjarr.tv\/en\/wp-json\/wp\/v2\/posts"}],"about":[{"href":"https:\/\/zjarr.tv\/en\/wp-json\/wp\/v2\/types\/post"}],"author":[{"embeddable":true,"href":"https:\/\/zjarr.tv\/en\/wp-json\/wp\/v2\/users\/2020"}],"replies":[{"embeddable":true,"href":"https:\/\/zjarr.tv\/en\/wp-json\/wp\/v2\/comments?post=264785"}],"version-history":[{"count":0,"href":"https:\/\/zjarr.tv\/en\/wp-json\/wp\/v2\/posts\/264785\/revisions"}],"wp:featuredmedia":[{"embeddable":true,"href":"https:\/\/zjarr.tv\/en\/wp-json\/wp\/v2\/media\/264786"}],"wp:attachment":[{"href":"https:\/\/zjarr.tv\/en\/wp-json\/wp\/v2\/media?parent=264785"}],"wp:term":[{"taxonomy":"category","embeddable":true,"href":"https:\/\/zjarr.tv\/en\/wp-json\/wp\/v2\/categories?post=264785"},{"taxonomy":"post_tag","embeddable":true,"href":"https:\/\/zjarr.tv\/en\/wp-json\/wp\/v2\/tags?post=264785"}],"curies":[{"name":"wp","href":"https:\/\/api.w.org\/{rel}","templated":true}]}}