{"id":264791,"date":"2022-06-16T14:15:37","date_gmt":"2022-06-16T12:15:37","guid":{"rendered":"https:\/\/zjarr.tv\/?p=264791"},"modified":"2022-06-16T14:15:37","modified_gmt":"2022-06-16T12:15:37","slug":"habit-deputeti-i-pd-te-kafja-e-parlamentit-vjen-era-puro-milioneresh-dhe-hashash","status":"publish","type":"post","link":"https:\/\/zjarr.tv\/en\/habit-deputeti-i-pd-te-kafja-e-parlamentit-vjen-era-puro-milioneresh-dhe-hashash\/","title":{"rendered":"Habit deputeti i PD: Te kafja e parlamentit vjen era puro milioner\u00ebsh dhe hashash"},"content":{"rendered":"<p>Deputeti i Partis\u00eb Demokratike, Dashnor Sula, foli p\u00ebr rritjen e \u00e7mimeve s\u00eb fundmi n\u00eb vendin ton\u00eb.<\/p>\n<p>Ai tha n\u00eb seanc\u00ebn e sotme plenare se garda dhe kryetarja e Kuvendit nuk e lejoi q\u00eb t\u00eb futej me shport\u00ebn e ushqimeve n\u00eb sall\u00eb.<\/p>\n<p>Nd\u00ebr t\u00eb tjera\u00a0 ai tha se te \u201ckafja pran\u00eb parlamentit vjen era puro dhe hashash.\u201d<\/p>\n<p>Por m\u00eb von\u00eb, Sula k\u00ebrkoi s\u00ebrish fjal\u00ebn dhe sqaroi se donte t\u00eb thoshte q\u00eb \u201cte kafja vjen era puro dhe se e tha gabimisht fjal\u00ebn hashash\u201d.<\/p>\n<p>\u201cNuk akuzova ask\u00ebnd. Un\u00eb nuk pi as duhan, dhe mund ta ngat\u00ebrroj, por aty vjen era puro e t\u00eb mbyt\u201d, tha ai.<\/p>\n<p>\u201cNuk kemi para t\u00eb blej\u00eb buk\u00eb, por prap thon\u00eb do ia dalin. Big Marketi q\u00eb ka \u00e7mimet m\u00eb t\u00eb ul\u00ebta dhe kam b\u00ebr\u00eb shport\u00ebn, ku b\u00ebhet fjal\u00eb p\u00ebr 1 kg vaj, miell, sheqer, kos, vez\u00eb, makarona, oriz\u00a0 etj kushton 30 mij\u00eb lek\u00eb. Duhen 500 mij\u00eb lek\u00eb p\u00ebr k\u00ebto, po ujin, dritat? T\u00eb k\u00ebrkova t\u00eb vija me shport\u00ebn dhe nuk m\u00eb lejuan as garda dhe ju, po pse arm\u00eb t\u00eb ftohta jan\u00eb ato? K\u00ebtu te lokali af\u00ebr vjen era puro dhe mos them q\u00eb hashash\u201d, u shpreh Sula.<\/p>","protected":false},"excerpt":{"rendered":"<p>Deputeti i Partis\u00eb Demokratike, Dashnor Sula, foli p\u00ebr rritjen e \u00e7mimeve s\u00eb fundmi n\u00eb vendin ton\u00eb. Ai tha n\u00eb seanc\u00ebn e sotme plenare se garda dhe kryetarja e Kuvendit nuk e lejoi q\u00eb t\u00eb futej me shport\u00ebn e ushqimeve n\u00eb sall\u00eb. Nd\u00ebr t\u00eb tjera\u00a0 ai tha se te \u201ckafja pran\u00eb parlamentit vjen era puro dhe [&hellip;]<\/p>\n","protected":false},"author":2020,"featured_media":264792,"comment_status":"closed","ping_status":"closed","sticky":false,"template":"","format":"standard","meta":{"footnotes":""},"categories":[241],"tags":[],"class_list":{"0":"post-264791","1":"post","2":"type-post","3":"status-publish","4":"format-standard","5":"has-post-thumbnail","7":"category-aktualitet"},"_links":{"self":[{"href":"https:\/\/zjarr.tv\/en\/wp-json\/wp\/v2\/posts\/264791","targetHints":{"allow":["GET"]}}],"collection":[{"href":"https:\/\/zjarr.tv\/en\/wp-json\/wp\/v2\/posts"}],"about":[{"href":"https:\/\/zjarr.tv\/en\/wp-json\/wp\/v2\/types\/post"}],"author":[{"embeddable":true,"href":"https:\/\/zjarr.tv\/en\/wp-json\/wp\/v2\/users\/2020"}],"replies":[{"embeddable":true,"href":"https:\/\/zjarr.tv\/en\/wp-json\/wp\/v2\/comments?post=264791"}],"version-history":[{"count":0,"href":"https:\/\/zjarr.tv\/en\/wp-json\/wp\/v2\/posts\/264791\/revisions"}],"wp:featuredmedia":[{"embeddable":true,"href":"https:\/\/zjarr.tv\/en\/wp-json\/wp\/v2\/media\/264792"}],"wp:attachment":[{"href":"https:\/\/zjarr.tv\/en\/wp-json\/wp\/v2\/media?parent=264791"}],"wp:term":[{"taxonomy":"category","embeddable":true,"href":"https:\/\/zjarr.tv\/en\/wp-json\/wp\/v2\/categories?post=264791"},{"taxonomy":"post_tag","embeddable":true,"href":"https:\/\/zjarr.tv\/en\/wp-json\/wp\/v2\/tags?post=264791"}],"curies":[{"name":"wp","href":"https:\/\/api.w.org\/{rel}","templated":true}]}}