{"id":264794,"date":"2022-06-16T14:21:23","date_gmt":"2022-06-16T12:21:23","guid":{"rendered":"https:\/\/zjarr.tv\/?p=264794"},"modified":"2022-06-16T14:21:23","modified_gmt":"2022-06-16T12:21:23","slug":"ne-lushnje-eshte-hall-te-martohesh-su-jep-njeri-nuse-korreshi-qyteti-po-degradon-cdo-dite-e-me-shume-me-ikjen-e-gjykates","status":"publish","type":"post","link":"https:\/\/zjarr.tv\/en\/ne-lushnje-eshte-hall-te-martohesh-su-jep-njeri-nuse-korreshi-qyteti-po-degradon-cdo-dite-e-me-shume-me-ikjen-e-gjykates\/","title":{"rendered":"\u201cN\u00eb Lushnj\u00eb \u00ebsht\u00eb hall t\u00eb martohesh, s\u2019u jep njeri nuse\u201d, Korreshi: Qyteti po degradon \u00e7do dit\u00eb e m\u00eb shum\u00eb me ikjen e gjykat\u00ebs"},"content":{"rendered":"<p>Deputeti i Partis\u00eb Demokratike, Saimir Korreshi foli sot p\u00ebr gjendjen e v\u00ebshtir\u00eb n\u00eb t\u00eb cil\u00ebn ndodhet Lushnja, duket th\u00ebn\u00eb se me ikjen e gjykat\u00ebs ky qytet po degradon edhe m\u00eb shum\u00eb.<\/p>\n<p>Ai nuk kurseu as ironin\u00eb, teksa tha n\u00eb nj\u00eb intervsit\u00eb n\u00eb \u201cABC News\u201d se n\u00eb Lushnje \u00ebsht\u00eb e v\u00ebshtir\u00eb t\u00eb martohesh. N\u00eb fshatra jan\u00eb djemt\u00eb beqar\u00eb se nuk u jep njeri nuse. \u00cbsht\u00eb hall i madh t\u00eb martohesh n\u00eb Lushnje. Nuk vjen njeri. \u00cbsht\u00eb p\u00ebr t\u00eb qeshur, por me ikjen e gjykat\u00ebs ky qytet po degradon dit\u00eb pas dite. \u00cbsht\u00eb vendim absurd i KLGJ. Krahas gjykat\u00ebs duhet t\u00eb kuptojm\u00eb q\u00eb ik\u00ebn edhe prokuroria. \u00cbsht\u00eb shkrir\u00eb gjykata e Kavaj\u00ebs dhe IEVP e Rrogozhin\u00ebs nuk vjen n\u00eb Lushnje, por shkon n\u00eb Durr\u00ebs\u201d, tha ai.<\/p>\n<p>Deputeti theksoi se bizneset jan\u00eb kthyer n\u00eb familjare n\u00eb k\u00ebt\u00eb qytet, pasi nuk ka fuqi pun\u00ebtore. Un\u00eb jetoj n\u00eb Lushnje, e p\u00ebrjetoj \u00e7do dit\u00eb. Jet\u00ebn time pasditeve, banoj n\u00eb k\u00ebt\u00eb qytet. Kam familjen, fisin, e shikoj q\u00eb bizneset po kthehen n\u00eb familjare. Nuk gjen djem p\u00ebr t\u00eb punuar. Pronari punon vet\u00eb edhe banakier edhe kamerier\u201d, u shpreh deputeti demokrat.<\/p>\n<p>Korreshi thot\u00eb m\u00eb tej se bujq\u00ebsia \u00ebsht\u00eb i vetmi aktivitet q\u00eb mban Lushnjen, nd\u00ebrsa shton se fermer\u00ebt nuk trajtohen nj\u00ebsoj nga qeveria. E vetmja m\u00ebnyr\u00eb q\u00eb ka popullaritet Lushnja \u00ebsht\u00eb pjesa e bujq\u00ebsis\u00eb, pavar\u00ebsisht se edhe ata qahen. V\u00ebrtet mbjellin, por nuk shesin. Duhet nj\u00eb nd\u00ebrhyrje e shtetit. Konkurojn\u00eb shum\u00eb 200 fermer\u00eb dhe fitojn\u00eb vet\u00ebm ata q\u00eb kan\u00eb teseren e PS\u201d, tha ai.<\/p>\n<p>Duke u ndalur te reforma e re territoriale, Korreshi propozon q\u00eb Lushnja dhe Divjaka t\u00eb b\u00ebhen qark.<\/p>\n<p>\u201cUn\u00eb do t\u00eb propozoja q\u00eb Lushnja dhe Divjaka t\u00eb b\u00ebhen qark. N\u00eb num\u00ebr popullsie kalojn\u00eb pese qarqe. Ka rritje t\u00eb punonj\u00ebsve t\u00eb bashkis\u00eb dhe zero sh\u00ebrbim\u201d, tha deputeti.<\/p>","protected":false},"excerpt":{"rendered":"<p>Deputeti i Partis\u00eb Demokratike, Saimir Korreshi foli sot p\u00ebr gjendjen e v\u00ebshtir\u00eb n\u00eb t\u00eb cil\u00ebn ndodhet Lushnja, duket th\u00ebn\u00eb se me ikjen e gjykat\u00ebs ky qytet po degradon edhe m\u00eb shum\u00eb. Ai nuk kurseu as ironin\u00eb, teksa tha n\u00eb nj\u00eb intervsit\u00eb n\u00eb \u201cABC News\u201d se n\u00eb Lushnje \u00ebsht\u00eb e v\u00ebshtir\u00eb t\u00eb martohesh. N\u00eb fshatra jan\u00eb [&hellip;]<\/p>\n","protected":false},"author":2020,"featured_media":264795,"comment_status":"closed","ping_status":"closed","sticky":false,"template":"","format":"standard","meta":{"footnotes":""},"categories":[241,5380,231],"tags":[],"class_list":{"0":"post-264794","1":"post","2":"type-post","3":"status-publish","4":"format-standard","5":"has-post-thumbnail","7":"category-aktualitet","8":"category-kryesore","9":"category-lajme"},"_links":{"self":[{"href":"https:\/\/zjarr.tv\/en\/wp-json\/wp\/v2\/posts\/264794","targetHints":{"allow":["GET"]}}],"collection":[{"href":"https:\/\/zjarr.tv\/en\/wp-json\/wp\/v2\/posts"}],"about":[{"href":"https:\/\/zjarr.tv\/en\/wp-json\/wp\/v2\/types\/post"}],"author":[{"embeddable":true,"href":"https:\/\/zjarr.tv\/en\/wp-json\/wp\/v2\/users\/2020"}],"replies":[{"embeddable":true,"href":"https:\/\/zjarr.tv\/en\/wp-json\/wp\/v2\/comments?post=264794"}],"version-history":[{"count":0,"href":"https:\/\/zjarr.tv\/en\/wp-json\/wp\/v2\/posts\/264794\/revisions"}],"wp:featuredmedia":[{"embeddable":true,"href":"https:\/\/zjarr.tv\/en\/wp-json\/wp\/v2\/media\/264795"}],"wp:attachment":[{"href":"https:\/\/zjarr.tv\/en\/wp-json\/wp\/v2\/media?parent=264794"}],"wp:term":[{"taxonomy":"category","embeddable":true,"href":"https:\/\/zjarr.tv\/en\/wp-json\/wp\/v2\/categories?post=264794"},{"taxonomy":"post_tag","embeddable":true,"href":"https:\/\/zjarr.tv\/en\/wp-json\/wp\/v2\/tags?post=264794"}],"curies":[{"name":"wp","href":"https:\/\/api.w.org\/{rel}","templated":true}]}}