{"id":264797,"date":"2022-06-16T14:24:53","date_gmt":"2022-06-16T12:24:53","guid":{"rendered":"https:\/\/zjarr.tv\/?p=264797"},"modified":"2022-06-16T14:24:53","modified_gmt":"2022-06-16T12:24:53","slug":"gazetari-cdo-dite-kapet-me-droge-nje-zyrtar-i-larte-i-ps-ja-kaluam-kartelit-te-medelinit","status":"publish","type":"post","link":"https:\/\/zjarr.tv\/en\/gazetari-cdo-dite-kapet-me-droge-nje-zyrtar-i-larte-i-ps-ja-kaluam-kartelit-te-medelinit\/","title":{"rendered":"Gazetari: \u00c7do dit\u00eb kapet me drog\u00eb nj\u00eb zyrtar i lart\u00eb i PS. Ja kaluam kartelit t\u00eb Medelinit&#8230;"},"content":{"rendered":"<p>Gazetari Klodian Tomorri ka ironizuar situat\u00ebn e r\u00ebnd\u00eb me zyrtar\u00ebt e lart\u00eb n\u00eb PS t\u00eb cil\u00ebt jan\u00eb arrestuar p\u00ebr narkotrafik.<\/p>\n<p>N\u00eb postimin e tij n\u00eb Facebook, Tomorri ka &#8216;formuluar&#8217; nj\u00eb ushtrim matematikor, duke k\u00ebrkuar t\u00eb gjehet shkalla e kriminalizimit t\u00eb PS-s\u00eb, ku sipas tij jan\u00eb t\u00eb ngjash\u00ebm me kartelin e Medelinit, Los Zetas dhe ai i Sinaloas.<\/p>\n<p>Postimi i plot\u00eb i Klodian Tomorrit:<\/p>\n<p>Ushtrim matematikor<\/p>\n<p>Cdo dite arrestohet nga nje zyrtar i larte socialist per narkotrafik.<\/p>\n<p>1-Gjeni shkallen e kriminalizimit te Partise Socialiste e shprehur si raport i socialisteve spacatore mbi totalin e anetareve te partise?<\/p>\n<p>2-Krahasojeni kete tregues me shkallen e kriminalizimit te shoqerise shqiptare?<\/p>\n<p>3-Cfare perfundimi mund te nxjerrim nga krahasimi i mesiperm? Ilustroni pergjigjen me shembuj te ngjashem si psh karteli i Medelinit, Los Zetas, ai i Sinaloas etj.<\/p>","protected":false},"excerpt":{"rendered":"<p>Gazetari Klodian Tomorri ka ironizuar situat\u00ebn e r\u00ebnd\u00eb me zyrtar\u00ebt e lart\u00eb n\u00eb PS t\u00eb cil\u00ebt jan\u00eb arrestuar p\u00ebr narkotrafik. N\u00eb postimin e tij n\u00eb Facebook, Tomorri ka &#8216;formuluar&#8217; nj\u00eb ushtrim matematikor, duke k\u00ebrkuar t\u00eb gjehet shkalla e kriminalizimit t\u00eb PS-s\u00eb, ku sipas tij jan\u00eb t\u00eb ngjash\u00ebm me kartelin e Medelinit, Los Zetas dhe ai [&hellip;]<\/p>\n","protected":false},"author":2020,"featured_media":121534,"comment_status":"closed","ping_status":"closed","sticky":false,"template":"","format":"standard","meta":{"footnotes":""},"categories":[241,5380,231],"tags":[],"class_list":{"0":"post-264797","1":"post","2":"type-post","3":"status-publish","4":"format-standard","5":"has-post-thumbnail","7":"category-aktualitet","8":"category-kryesore","9":"category-lajme"},"_links":{"self":[{"href":"https:\/\/zjarr.tv\/en\/wp-json\/wp\/v2\/posts\/264797","targetHints":{"allow":["GET"]}}],"collection":[{"href":"https:\/\/zjarr.tv\/en\/wp-json\/wp\/v2\/posts"}],"about":[{"href":"https:\/\/zjarr.tv\/en\/wp-json\/wp\/v2\/types\/post"}],"author":[{"embeddable":true,"href":"https:\/\/zjarr.tv\/en\/wp-json\/wp\/v2\/users\/2020"}],"replies":[{"embeddable":true,"href":"https:\/\/zjarr.tv\/en\/wp-json\/wp\/v2\/comments?post=264797"}],"version-history":[{"count":0,"href":"https:\/\/zjarr.tv\/en\/wp-json\/wp\/v2\/posts\/264797\/revisions"}],"wp:featuredmedia":[{"embeddable":true,"href":"https:\/\/zjarr.tv\/en\/wp-json\/wp\/v2\/media\/121534"}],"wp:attachment":[{"href":"https:\/\/zjarr.tv\/en\/wp-json\/wp\/v2\/media?parent=264797"}],"wp:term":[{"taxonomy":"category","embeddable":true,"href":"https:\/\/zjarr.tv\/en\/wp-json\/wp\/v2\/categories?post=264797"},{"taxonomy":"post_tag","embeddable":true,"href":"https:\/\/zjarr.tv\/en\/wp-json\/wp\/v2\/tags?post=264797"}],"curies":[{"name":"wp","href":"https:\/\/api.w.org\/{rel}","templated":true}]}}