{"id":264799,"date":"2022-06-16T14:33:04","date_gmt":"2022-06-16T12:33:04","guid":{"rendered":"https:\/\/zjarr.tv\/?p=264799"},"modified":"2022-06-16T14:33:04","modified_gmt":"2022-06-16T12:33:04","slug":"grida-duma-kapet-me-deputetet-e-ps-a-mund-te-mbani-qetesi-kur-flet-salianji-behuni-serioze-ai-eshte-perfaqesues-i-popullit","status":"publish","type":"post","link":"https:\/\/zjarr.tv\/en\/grida-duma-kapet-me-deputetet-e-ps-a-mund-te-mbani-qetesi-kur-flet-salianji-behuni-serioze-ai-eshte-perfaqesues-i-popullit\/","title":{"rendered":"Grida Duma kapet me deputetet e PS: A mund t\u00eb mbani qet\u00ebsi kur flet Salianji? B\u00ebhuni serioze, ai \u00ebsht\u00eb p\u00ebrfaq\u00ebsues i popullit"},"content":{"rendered":"<p>Grida Duma \u00ebsht\u00eb kapur me koleget e Partis\u00eb Socialiste n\u00eb sall\u00ebn e Kuvendit.<\/p>\n<p>Fill pasi p\u00ebrfundoi fjalimin deputeti Ervin Salianji, Duma ka k\u00ebrkuar fjal\u00ebn nga kryesuesja e seanc\u00ebs.<\/p>\n<p>Duke folur nga vendi, Duma ju drejtua deputeteve t\u00eb PS duke i th\u00ebn\u00eb q\u00eb duhet t\u00eb ken\u00eb respekt kur flet Salianji pasi ai \u00ebsht\u00eb p\u00ebrfaq\u00ebsues i popullit.<\/p>\n<p>Ligjv\u00ebn\u00ebsja e PD k\u00ebrkoi t\u00eb tregohet seriozitet n\u00eb sall\u00eb p\u00ebr t\u00eb d\u00ebgjuar koleg\u00ebt.<\/p>","protected":false},"excerpt":{"rendered":"<p>Grida Duma \u00ebsht\u00eb kapur me koleget e Partis\u00eb Socialiste n\u00eb sall\u00ebn e Kuvendit. Fill pasi p\u00ebrfundoi fjalimin deputeti Ervin Salianji, Duma ka k\u00ebrkuar fjal\u00ebn nga kryesuesja e seanc\u00ebs. Duke folur nga vendi, Duma ju drejtua deputeteve t\u00eb PS duke i th\u00ebn\u00eb q\u00eb duhet t\u00eb ken\u00eb respekt kur flet Salianji pasi ai \u00ebsht\u00eb p\u00ebrfaq\u00ebsues i popullit. [&hellip;]<\/p>\n","protected":false},"author":2020,"featured_media":264800,"comment_status":"closed","ping_status":"closed","sticky":false,"template":"","format":"standard","meta":{"footnotes":""},"categories":[241,5380,231],"tags":[],"class_list":{"0":"post-264799","1":"post","2":"type-post","3":"status-publish","4":"format-standard","5":"has-post-thumbnail","7":"category-aktualitet","8":"category-kryesore","9":"category-lajme"},"_links":{"self":[{"href":"https:\/\/zjarr.tv\/en\/wp-json\/wp\/v2\/posts\/264799","targetHints":{"allow":["GET"]}}],"collection":[{"href":"https:\/\/zjarr.tv\/en\/wp-json\/wp\/v2\/posts"}],"about":[{"href":"https:\/\/zjarr.tv\/en\/wp-json\/wp\/v2\/types\/post"}],"author":[{"embeddable":true,"href":"https:\/\/zjarr.tv\/en\/wp-json\/wp\/v2\/users\/2020"}],"replies":[{"embeddable":true,"href":"https:\/\/zjarr.tv\/en\/wp-json\/wp\/v2\/comments?post=264799"}],"version-history":[{"count":0,"href":"https:\/\/zjarr.tv\/en\/wp-json\/wp\/v2\/posts\/264799\/revisions"}],"wp:featuredmedia":[{"embeddable":true,"href":"https:\/\/zjarr.tv\/en\/wp-json\/wp\/v2\/media\/264800"}],"wp:attachment":[{"href":"https:\/\/zjarr.tv\/en\/wp-json\/wp\/v2\/media?parent=264799"}],"wp:term":[{"taxonomy":"category","embeddable":true,"href":"https:\/\/zjarr.tv\/en\/wp-json\/wp\/v2\/categories?post=264799"},{"taxonomy":"post_tag","embeddable":true,"href":"https:\/\/zjarr.tv\/en\/wp-json\/wp\/v2\/tags?post=264799"}],"curies":[{"name":"wp","href":"https:\/\/api.w.org\/{rel}","templated":true}]}}