{"id":264802,"date":"2022-06-16T15:10:22","date_gmt":"2022-06-16T13:10:22","guid":{"rendered":"https:\/\/zjarr.tv\/?p=264802"},"modified":"2022-06-16T15:10:22","modified_gmt":"2022-06-16T13:10:22","slug":"rri-poshte-tavolinave-te-drejtoreve-te-televizioneve-olti-curri-reagon-pas-deklarates-se-olsa-muhametit-eshte-si-linda-morina","status":"publish","type":"post","link":"https:\/\/zjarr.tv\/en\/rri-poshte-tavolinave-te-drejtoreve-te-televizioneve-olti-curri-reagon-pas-deklarates-se-olsa-muhametit-eshte-si-linda-morina\/","title":{"rendered":"\u201cRri posht\u00eb tavolinave t\u00eb drejtor\u00ebve t\u00eb televizioneve!\u201d, Olti Curri reagon pas deklarat\u00ebs s\u00eb Olsa Muhametit: \u00cbsht\u00eb si Linda Morina"},"content":{"rendered":"<p>Olti Curri dhe Olsa Muhameti jan\u00eb p\u00ebrfshir\u00eb n\u00eb nj\u00eb debat q\u00eb duket se sapo ka filluar. Si\u00e7 pritej, Olti i \u00ebsht\u00eb kund\u00ebrp\u00ebrgjigjur autores s\u00eb \u201cP\u00ebr\u2019puthen\u201d pasi ajo deklaroi se Olti nuk punon. N\u00eb nj\u00eb reagim n\u00eb Instagram Olti e cil\u00ebson at\u00eb si Linda Morina e autor\u00ebve shqiptar\u00eb teksa shprehet se t\u00eb punosh do t\u00eb thot\u00eb vet\u00ebm t\u00eb rrish posht\u00eb tavolinave t\u00eb drejtor\u00ebve t\u00eb televizioneve.<\/p>\n<p>\u201cFoli edhe Olsa, sa e lezetshme q\u00eb \u00ebsht\u00eb. Olsa \u00ebsht\u00eb Linda Morina e autor\u00ebve shqiptar\u00eb. Keni parasysh q\u00eb Arian \u00c7ani fton Aurela Gga\u00e7en, Inva Mul\u00ebn dhe i prezanton si k\u00ebng\u00ebtare, fton edhe Linda Morin\u00ebn dhe e prezanton edhe at\u00eb si k\u00ebng\u00ebtare. Edhe Ols\u00ebn e prezantojn\u00eb si autore dhe kujton se \u00ebsht\u00eb autore.<\/p>\n<p>Autor\u00eb jan\u00eb edhe Dalina Buzi, Zefina Hasanin , Rezart Ag\u00ebn. Dhe e beson ajo, kujton se \u00ebsht\u00eb autore. Por ka ngat\u00ebrruar di\u00e7ka, t\u00eb punosh nuk do t\u00eb thot\u00eb vet\u00ebm t\u00eb punosh posht\u00eb tavolinave t\u00eb drejtor\u00ebve t\u00eb televizioneve t\u00eb ndryshme. Ka edhe pun\u00eb t\u00eb tjera dinjitoze, pa zhurm\u00eb dhe me shum\u00eb t\u00eb ardhura.\u201d- shprehet Olti Curri.<\/p>\n<p>E gjitha nisi nga intervista e Ols\u00ebs n\u00eb \u201cGoca dhe Gra\u201d ku ajo u pyet n\u00ebse n\u00eb vil\u00ebn e meshkujve, do ta tundonte m\u00eb shum\u00eb nj\u00eb bised\u00eb me Arjan Konomin apo Olti Currin. Ajo zgjodhi at\u00eb t\u00eb parin teksa p\u00ebr blogerin u shpreh se nuk punon dhe se merret me llafe.<\/p>\n<p>\u201cPadyshim q\u00eb do m\u00eb joshte dhe do t\u00eb m\u00eb p\u00eblqente nj\u00eb bised\u00eb me Arjan Konomin, sepse \u00ebsht\u00eb njeri q\u00eb punon, nuk e di n\u00ebse ky personi (Olti Curri) punon apo jo. N\u00ebse nuk punon nuk ke t\u00eb drejt\u00eb t\u00eb komentosh t\u00eb tjer\u00ebt\u201d- u shpreh ajo. Teksa po ashtu ironizoi edhe Nevina Shtyll\u00ebn.<\/p>\n<p>Kujtojm\u00eb se Nevina dhe Olti kan\u00eb qen\u00eb t\u00eb dy pjes\u00eb e edicionit t\u00eb par\u00eb t\u00eb programit t\u00eb dashuris\u00eb, Olti si opinionist kurse Nevina si moderatore. Mbetet e paqart\u00eb se \u00e7far\u00eb ka ndodhur mes tyre dhe Ols\u00ebs por duksh\u00ebm nuk jan\u00eb ndar\u00eb n\u00eb paqe.<\/p>","protected":false},"excerpt":{"rendered":"<p>Olti Curri dhe Olsa Muhameti jan\u00eb p\u00ebrfshir\u00eb n\u00eb nj\u00eb debat q\u00eb duket se sapo ka filluar. Si\u00e7 pritej, Olti i \u00ebsht\u00eb kund\u00ebrp\u00ebrgjigjur autores s\u00eb \u201cP\u00ebr\u2019puthen\u201d pasi ajo deklaroi se Olti nuk punon. N\u00eb nj\u00eb reagim n\u00eb Instagram Olti e cil\u00ebson at\u00eb si Linda Morina e autor\u00ebve shqiptar\u00eb teksa shprehet se t\u00eb punosh do t\u00eb thot\u00eb [&hellip;]<\/p>\n","protected":false},"author":2020,"featured_media":264803,"comment_status":"closed","ping_status":"closed","sticky":false,"template":"","format":"standard","meta":{"footnotes":""},"categories":[241,5380,231,193],"tags":[],"class_list":{"0":"post-264802","1":"post","2":"type-post","3":"status-publish","4":"format-standard","5":"has-post-thumbnail","7":"category-aktualitet","8":"category-kryesore","9":"category-lajme","10":"category-showbiz"},"_links":{"self":[{"href":"https:\/\/zjarr.tv\/en\/wp-json\/wp\/v2\/posts\/264802","targetHints":{"allow":["GET"]}}],"collection":[{"href":"https:\/\/zjarr.tv\/en\/wp-json\/wp\/v2\/posts"}],"about":[{"href":"https:\/\/zjarr.tv\/en\/wp-json\/wp\/v2\/types\/post"}],"author":[{"embeddable":true,"href":"https:\/\/zjarr.tv\/en\/wp-json\/wp\/v2\/users\/2020"}],"replies":[{"embeddable":true,"href":"https:\/\/zjarr.tv\/en\/wp-json\/wp\/v2\/comments?post=264802"}],"version-history":[{"count":0,"href":"https:\/\/zjarr.tv\/en\/wp-json\/wp\/v2\/posts\/264802\/revisions"}],"wp:featuredmedia":[{"embeddable":true,"href":"https:\/\/zjarr.tv\/en\/wp-json\/wp\/v2\/media\/264803"}],"wp:attachment":[{"href":"https:\/\/zjarr.tv\/en\/wp-json\/wp\/v2\/media?parent=264802"}],"wp:term":[{"taxonomy":"category","embeddable":true,"href":"https:\/\/zjarr.tv\/en\/wp-json\/wp\/v2\/categories?post=264802"},{"taxonomy":"post_tag","embeddable":true,"href":"https:\/\/zjarr.tv\/en\/wp-json\/wp\/v2\/tags?post=264802"}],"curies":[{"name":"wp","href":"https:\/\/api.w.org\/{rel}","templated":true}]}}