{"id":264805,"date":"2022-06-16T15:48:14","date_gmt":"2022-06-16T13:48:14","guid":{"rendered":"https:\/\/zjarr.tv\/?p=264805"},"modified":"2022-06-16T15:48:14","modified_gmt":"2022-06-16T13:48:14","slug":"peleshi-ne-bruksel-projekti-i-ri-i-porto-romanos-do-te-ofroje-edhe-infrastrukture-te-dedikuar-ushtarake-per-fa-dhe-nato","status":"publish","type":"post","link":"https:\/\/zjarr.tv\/en\/peleshi-ne-bruksel-projekti-i-ri-i-porto-romanos-do-te-ofroje-edhe-infrastrukture-te-dedikuar-ushtarake-per-fa-dhe-nato\/","title":{"rendered":"Peleshi n\u00eb Bruksel: Projekti i ri i Porto Romanos do t\u00eb ofroj\u00eb edhe infrastruktur\u00eb t\u00eb dedikuar ushtarake p\u00ebr FA dhe NATO"},"content":{"rendered":"<p>Ministri i Mbrojtjes Niko Peleshi mori pjes\u00eb n\u00eb takimin e ministrave t\u00eb mbrojtjes s\u00eb vendeve t\u00eb Aleanc\u00ebs s\u00eb Atlantikut t\u00eb Veriut q\u00eb u mbajt n\u00eb selin\u00eb e NATO-s, n\u00eb Bruksel. N\u00eb qend\u00ebr t\u00eb diskutimeve t\u00eb k\u00ebtij takimi ishte forcimi i m\u00ebtejsh\u00ebm i Aleanc\u00ebs dhe vijimi i mb\u00ebshtetjes p\u00ebr vendet partnere t\u00eb NATO-s, n\u00eb nj\u00eb koh\u00eb q\u00eb agresioni rus n\u00eb Ukrain\u00eb ka kaluar 100 dit\u00eb q\u00eb nga nisja e tij. K\u00ebtij takimi i\u2019u bashkuan edhe ministrat e Mbrojtjes s\u00eb Ukrain\u00ebs, Gjeorgjis\u00eb, Suedis\u00eb, Finland\u00ebs, si dhe P\u00ebrfaq\u00ebsuesi i Lart\u00eb i Bashkimit Evropian.<\/p>\n<p>Gjat\u00eb fjal\u00ebs s\u00eb tij, Ministri i Mbrojtjes Niko Peleshi u shpreh se vendi yn\u00eb do t\u00eb mb\u00ebshtes\u00eb dhe kontribuoj\u00eb n\u00eb rritjen dhe p\u00ebrforcimin edhe me kapacitete ushtarake t\u00eb kufijve t\u00eb Aleanc\u00ebs, n\u00eb interes t\u00eb mbrojtjes dhe ruajtjes s\u00eb popullsis\u00eb s\u00eb saj. Ministri Peleshi foli p\u00ebr projektin e ri t\u00eb Porto Romanos q\u00eb do t\u00eb ofroj\u00eb edhe infrastruktur\u00eb t\u00eb dedikuar p\u00ebr Forcat e Amrmatosura dhe Aleanc\u00ebn e NATO-s. \u201cNe e vler\u00ebsojm\u00eb infrastruktur\u00ebn ton\u00eb kritike, jo vet\u00ebm nga perspektiva komb\u00ebtare, por edhe nga ajo e Aleanc\u00ebs.<\/p>\n<p>N\u00eb k\u00ebt\u00eb kuad\u00ebr, duke pasur parasysh vendndodhjen gjeografike, Porti i Durr\u00ebsit sh\u00ebrbeu si nj\u00eb qend\u00ebr pritjeje e st\u00ebrvitjes \u201cDefender Europe 2021\u201d gj\u00eb q\u00eb d\u00ebshmon se \u00ebsht\u00eb nj\u00eb pik\u00eb strategjike q\u00eb lidh detin Adriatik dhe Detin e Zi q\u00eb njihet ndryshe edhe si Korridori 8\u201d,u shpreh n\u00eb fjal\u00ebn e tij ministri i Mbrojtjes Peleshi.\u00a0 Ai t\u00ebrhoqi v\u00ebmendjen n\u00eb lidhje me efektet q\u00eb lufta e Rusis\u00eb ndaj Ukrain\u00ebs mund t\u00eb sjell\u00eb n\u00eb rajonin e Ballkanit. Ministri i Mbrojtjes theksoi r\u00ebnd\u00ebsin\u00eb q\u00eb ka n\u00eb k\u00ebt\u00eb situat\u00eb p\u00ebrshpejtimi i procesit t\u00eb integrimit Euro-Atlantik t\u00eb vendeve t\u00eb rajonit. Gjithashtu ministri Peleshi tha se \u00ebsht\u00eb i r\u00ebnd\u00ebsish\u00ebm d\u00ebrgimi i nj\u00eb mesazhi t\u00eb fort\u00eb se siguria e rajonit t\u00eb Ballkanit mbetet interes jetik p\u00ebr Aleanc\u00ebn dhe se Rusia me \u201clevat\u201d e saj nuk duhet t\u00eb lejohen t\u00eb destabilizojn\u00eb mbar\u00eb rajonin.<\/p>\n<p>Ministrat e vendeve t\u00eb Aleanc\u00ebs u prit\u00ebn m\u00eb her\u00ebt n\u00eb nj\u00eb dark\u00eb pune nga Sekretari i P\u00ebrgjithsh\u00ebm i NATO-s Jens Stoltenberg, i cili vler\u00ebsoi mb\u00ebshtetjen e pakursyer q\u00eb vendet aleate dhe partnere t\u00eb NATO-s kan\u00eb dh\u00ebn\u00eb n\u00eb kapacitete ushtarake, ndihm\u00eb financiare dhe asistenc\u00eb humanitare. Gjithashtu, Ai theksoi se Aleanca \u00ebsht\u00eb dhe mbetet e vendosur p\u00ebr t\u00eb vazhduar mb\u00ebshtetjen p\u00ebr Ukrain\u00ebn, si dhe mbetet optimist se kryetar\u00ebt e shteteve dhe qeverive t\u00eb vendeve t\u00eb Aleanc\u00ebs do t\u00eb miratojn\u00eb nj\u00eb Paket\u00eb Asistence Gjith\u00ebp\u00ebrfshir\u00ebse gjat\u00eb Samitit t\u00eb Madridit, q\u00eb \u00ebsht\u00eb planifikuar t\u00eb zhvillohet m\u00eb 29-30 qershor.<\/p>","protected":false},"excerpt":{"rendered":"<p>Ministri i Mbrojtjes Niko Peleshi mori pjes\u00eb n\u00eb takimin e ministrave t\u00eb mbrojtjes s\u00eb vendeve t\u00eb Aleanc\u00ebs s\u00eb Atlantikut t\u00eb Veriut q\u00eb u mbajt n\u00eb selin\u00eb e NATO-s, n\u00eb Bruksel. N\u00eb qend\u00ebr t\u00eb diskutimeve t\u00eb k\u00ebtij takimi ishte forcimi i m\u00ebtejsh\u00ebm i Aleanc\u00ebs dhe vijimi i mb\u00ebshtetjes p\u00ebr vendet partnere t\u00eb NATO-s, n\u00eb nj\u00eb koh\u00eb [&hellip;]<\/p>\n","protected":false},"author":2020,"featured_media":264806,"comment_status":"closed","ping_status":"closed","sticky":false,"template":"","format":"standard","meta":{"footnotes":""},"categories":[241,5380,231],"tags":[],"class_list":{"0":"post-264805","1":"post","2":"type-post","3":"status-publish","4":"format-standard","5":"has-post-thumbnail","7":"category-aktualitet","8":"category-kryesore","9":"category-lajme"},"_links":{"self":[{"href":"https:\/\/zjarr.tv\/en\/wp-json\/wp\/v2\/posts\/264805","targetHints":{"allow":["GET"]}}],"collection":[{"href":"https:\/\/zjarr.tv\/en\/wp-json\/wp\/v2\/posts"}],"about":[{"href":"https:\/\/zjarr.tv\/en\/wp-json\/wp\/v2\/types\/post"}],"author":[{"embeddable":true,"href":"https:\/\/zjarr.tv\/en\/wp-json\/wp\/v2\/users\/2020"}],"replies":[{"embeddable":true,"href":"https:\/\/zjarr.tv\/en\/wp-json\/wp\/v2\/comments?post=264805"}],"version-history":[{"count":0,"href":"https:\/\/zjarr.tv\/en\/wp-json\/wp\/v2\/posts\/264805\/revisions"}],"wp:featuredmedia":[{"embeddable":true,"href":"https:\/\/zjarr.tv\/en\/wp-json\/wp\/v2\/media\/264806"}],"wp:attachment":[{"href":"https:\/\/zjarr.tv\/en\/wp-json\/wp\/v2\/media?parent=264805"}],"wp:term":[{"taxonomy":"category","embeddable":true,"href":"https:\/\/zjarr.tv\/en\/wp-json\/wp\/v2\/categories?post=264805"},{"taxonomy":"post_tag","embeddable":true,"href":"https:\/\/zjarr.tv\/en\/wp-json\/wp\/v2\/tags?post=264805"}],"curies":[{"name":"wp","href":"https:\/\/api.w.org\/{rel}","templated":true}]}}