{"id":264817,"date":"2022-06-16T18:38:27","date_gmt":"2022-06-16T16:38:27","guid":{"rendered":"https:\/\/zjarr.tv\/?p=264817"},"modified":"2022-06-16T18:38:27","modified_gmt":"2022-06-16T16:38:27","slug":"zerat-kunder-per-harten-e-re-gjyqesore-reagon-klgj-kjo-zgjidhje-synon-rritjen-e-efikasitetit-dhe-efektshmerise-se-gjykatave-forcon","status":"publish","type":"post","link":"https:\/\/zjarr.tv\/en\/zerat-kunder-per-harten-e-re-gjyqesore-reagon-klgj-kjo-zgjidhje-synon-rritjen-e-efikasitetit-dhe-efektshmerise-se-gjykatave-forcon\/","title":{"rendered":"Z\u00ebrat kund\u00ebr p\u00ebr \u201cHart\u00ebn e re Gjyq\u00ebsore\u201d, reagon KLGJ: Kjo zgjidhje synon rritjen e efikasitetit dhe efektshm\u00ebris\u00eb s\u00eb gjykatave, forcon\u2026"},"content":{"rendered":"<p>Pas z\u00ebrave kund\u00ebr p\u00ebr \u201cHart\u00ebn e re Gjyq\u00ebsore\u201d, K\u00ebshilli i Lart\u00eb Gjyq\u00ebsor pas mbledhjes ka dal\u00eb n\u00eb nj\u00eb komunikat\u00eb zyrtare ku ka sqaruar se kjo hart\u00eb, sipas raportit t\u00eb miratuar, synon rritjen e efikasitetit dhe efektshm\u00ebris\u00eb s\u00eb gjykatave.<\/p>\n<p>\u201cAjo garanton shp\u00ebrndarje t\u00eb ekuilibruar t\u00eb ngarkes\u00ebs mes gjykatave dhe gjyqtar\u00ebve n\u00eb funksion t\u00eb marrjes s\u00eb drejt\u00ebsis\u00eb n\u00eb m\u00ebnyr\u00eb t\u00eb barabart\u00eb dhe n\u00eb t\u00eb nj\u00ebjt\u00ebn koh\u00eb p\u00ebr t\u00eb gjith\u00eb qytetar\u00ebt. Kjo zgjidhje forcon aksesin e qytetarit n\u00eb marrjen e sh\u00ebrbimit, pavar\u00ebsisht af\u00ebrsis\u00eb fizike me gjykat\u00ebn\u201d, thuhet m\u00eb tej.<\/p>\n<p>Reagimi i plot\u00eb:<\/p>\n<p>K\u00ebshilli i Lart\u00eb Gjyq\u00ebsor ka ndjekur me v\u00ebmendje deklaratat dhe reagimet lidhur me vendimmarrjen e tij\u00a0 \u201cP\u00ebr miratimin e raportit vler\u00ebsues dhe propozimit t\u00eb Grupit Nd\u00ebrinstitucional t\u00eb Pun\u00ebs mbi riorganizimin e rretheve gjyq\u00ebsore dhe kompetencave tok\u00ebsore t\u00eb gjykatave\u201d.<\/p>\n<p>K\u00ebshilli i Lart\u00eb Gjyq\u00ebsor sqaron se Grupi Nd\u00ebrinstitucional i Pun\u00ebs, ka hartuar raportin vler\u00ebsues p\u00ebrfundimtar mbi organizimin e rretheve gjyq\u00ebsore dhe kompetencave tok\u00ebsore t\u00eb gjykatave, n\u00eb respektim t\u00eb parimeve dhe kritereve t\u00eb p\u00ebrcaktuara n\u00eb ligjin 98\/2016, \u201cP\u00ebr organizimin e pushtetit gjyq\u00ebsor\u201d, i ndryshuar, duke mbajtur n\u00eb konsiderat\u00eb gjendjen n\u00eb t\u00eb cil\u00ebn ndodhet sot sistemi gjyq\u00ebsor, n\u00eb respektim t\u00eb detyrimit kushtetues t\u00eb K\u00ebshillit t\u00eb Lart\u00eb Gjyq\u00ebsor p\u00ebr t\u00eb garantuar mbar\u00ebvajtjen e funksionimit t\u00eb k\u00ebtij sistemi.<\/p>\n<p>Raporti p\u00ebrfundimtar vler\u00ebsues \u00ebsht\u00eb produkt i nj\u00eb procesi gjith\u00ebp\u00ebrfshir\u00ebs konsultimi. Ai reflekton nj\u00eb kontribut t\u00eb p\u00ebrbashk\u00ebt t\u00eb K\u00ebshillit dhe Ministris\u00eb s\u00eb Drejt\u00ebsis\u00eb, Gjykatave dhe partner\u00ebve nd\u00ebrkomb\u00ebtare, t\u00eb cil\u00ebt n\u00eb vijim\u00ebsi e kan\u00eb mb\u00ebshtetur Grupin e Pun\u00ebs dhe K\u00ebshillin n\u00eb hartimin e raportit vler\u00ebsues dhe propozimit q\u00eb reflekton praktikat m\u00eb t\u00eb mira nd\u00ebrkomb\u00ebtare.<\/p>\n<p>K\u00ebshilli n\u00eb bashk\u00ebpunim me Ministrin\u00eb e Drejt\u00ebsis\u00eb zhvilluan n\u00eb fillim t\u00eb vitit 2022, ciklin e konsultimeve publike mbi propozimin e riorganizimit t\u00eb rretheve gjyq\u00ebsore dhe kompetencave tok\u00ebsore t\u00eb gjykatave. Opinionet dhe sugjerimet iu n\u00ebnshtruan nj\u00eb procesi vler\u00ebsimi nga Grupi i Pun\u00ebs p\u00ebr t\u00eb vijuar m\u00eb pas me rishikimin e raportit vler\u00ebsues dhe finalizimin e projekt-propozimit p\u00ebr riorganizimin e rretheve gjyq\u00ebsore dhe kompetencave tok\u00ebsore t\u00eb gjykatave.<\/p>\n<p>\u201cHarta e Re Gjyq\u00ebsore\u201d sipas raportit t\u00eb miratuar, synon rritjen e efikasitetit dhe efektshm\u00ebris\u00eb s\u00eb gjykatave. Ajo garanton shp\u00ebrndarje t\u00eb ekuilibruar t\u00eb ngarkes\u00ebs mes gjykatave dhe gjyqtar\u00ebve n\u00eb funksion t\u00eb marrjes s\u00eb drejt\u00ebsis\u00eb n\u00eb m\u00ebnyr\u00eb t\u00eb barabart\u00eb dhe n\u00eb t\u00eb nj\u00ebjt\u00ebn koh\u00eb p\u00ebr t\u00eb gjith\u00eb qytetar\u00ebt. Kjo zgjidhje forcon aksesin e qytetarit n\u00eb marrjen e sh\u00ebrbimit, pavar\u00ebsisht af\u00ebrsis\u00eb fizike me gjykat\u00ebn.<\/p>\n<p>K\u00ebshilli sjell n\u00eb v\u00ebmendje se vler\u00ebsimi i organizimit t\u00eb rretheve gjyq\u00ebsore dhe kompetencave tok\u00ebsore t\u00eb gjykatave p\u00ebrb\u00ebn nj\u00eb detyrim ligjor periodik p\u00ebr K\u00ebshillin, i cili t\u00eb pakt\u00ebn \u00e7do 5 vjet, rivler\u00ebson situat\u00ebn, n\u00eb var\u00ebsi t\u00eb nevojave dhe rrethanave konkrete.<\/p>\n<p>K\u00ebshilli i Lart\u00eb Gjyq\u00ebsor b\u00ebn me dije se n\u00eb referim t\u00eb ligjit 98\/2016, i ndryshuar, miratimi i \u201cRaportit p\u00ebrfundimtar vler\u00ebsues dhe propozimit t\u00eb Grupit Nd\u00ebrinstitucional t\u00eb Pun\u00ebs mbi Hart\u00ebn e Re Gjyq\u00ebsore\u201d, p\u00ebrb\u00ebn faz\u00ebn e par\u00eb me natyr\u00eb vler\u00ebsuese t\u00eb riorganizimit dhe kompetencave tok\u00ebsore t\u00eb gjykatave dhe i hap rrug\u00ebn procesit t\u00eb marrjes s\u00eb mendimit nga K\u00ebshilli i Lart\u00eb i Prokuroris\u00eb, Prokurori i P\u00ebrgjithsh\u00ebm dhe Ministri i Financave, p\u00ebrpara kalimit n\u00eb faz\u00ebn e dyt\u00eb, e cila gjithashtu do t\u00eb k\u00ebrkoj\u00eb nga K\u00ebshilli formalizimin n\u00eb nj\u00eb vendimmarrje tjet\u00ebr miratuese t\u00eb bashk\u00ebpropozimit p\u00ebr \u201cHart\u00ebn e Re Gjyq\u00ebsore\u201d dhe p\u00ebrcjelljen e tij p\u00ebr miratim K\u00ebshillit t\u00eb Ministrave. Miratimi p\u00ebrfundimtar i bashk\u00ebpropozimit p\u00ebr \u201cHart\u00ebn e Re Gjyq\u00ebsore\u201d \u00ebsht\u00eb kompetenc\u00eb ligjore ekskluzive e K\u00ebshillit t\u00eb Ministrave.<\/p>","protected":false},"excerpt":{"rendered":"<p>Pas z\u00ebrave kund\u00ebr p\u00ebr \u201cHart\u00ebn e re Gjyq\u00ebsore\u201d, K\u00ebshilli i Lart\u00eb Gjyq\u00ebsor pas mbledhjes ka dal\u00eb n\u00eb nj\u00eb komunikat\u00eb zyrtare ku ka sqaruar se kjo hart\u00eb, sipas raportit t\u00eb miratuar, synon rritjen e efikasitetit dhe efektshm\u00ebris\u00eb s\u00eb gjykatave. \u201cAjo garanton shp\u00ebrndarje t\u00eb ekuilibruar t\u00eb ngarkes\u00ebs mes gjykatave dhe gjyqtar\u00ebve n\u00eb funksion t\u00eb marrjes s\u00eb drejt\u00ebsis\u00eb [&hellip;]<\/p>\n","protected":false},"author":2030,"featured_media":264818,"comment_status":"closed","ping_status":"closed","sticky":false,"template":"","format":"standard","meta":{"footnotes":""},"categories":[241,3366,5380,231,1454],"tags":[],"class_list":{"0":"post-264817","1":"post","2":"type-post","3":"status-publish","4":"format-standard","5":"has-post-thumbnail","7":"category-aktualitet","8":"category-koment","9":"category-kryesore","10":"category-lajme","11":"category-politike"},"_links":{"self":[{"href":"https:\/\/zjarr.tv\/en\/wp-json\/wp\/v2\/posts\/264817","targetHints":{"allow":["GET"]}}],"collection":[{"href":"https:\/\/zjarr.tv\/en\/wp-json\/wp\/v2\/posts"}],"about":[{"href":"https:\/\/zjarr.tv\/en\/wp-json\/wp\/v2\/types\/post"}],"author":[{"embeddable":true,"href":"https:\/\/zjarr.tv\/en\/wp-json\/wp\/v2\/users\/2030"}],"replies":[{"embeddable":true,"href":"https:\/\/zjarr.tv\/en\/wp-json\/wp\/v2\/comments?post=264817"}],"version-history":[{"count":0,"href":"https:\/\/zjarr.tv\/en\/wp-json\/wp\/v2\/posts\/264817\/revisions"}],"wp:featuredmedia":[{"embeddable":true,"href":"https:\/\/zjarr.tv\/en\/wp-json\/wp\/v2\/media\/264818"}],"wp:attachment":[{"href":"https:\/\/zjarr.tv\/en\/wp-json\/wp\/v2\/media?parent=264817"}],"wp:term":[{"taxonomy":"category","embeddable":true,"href":"https:\/\/zjarr.tv\/en\/wp-json\/wp\/v2\/categories?post=264817"},{"taxonomy":"post_tag","embeddable":true,"href":"https:\/\/zjarr.tv\/en\/wp-json\/wp\/v2\/tags?post=264817"}],"curies":[{"name":"wp","href":"https:\/\/api.w.org\/{rel}","templated":true}]}}