{"id":264821,"date":"2022-06-16T18:50:32","date_gmt":"2022-06-16T16:50:32","guid":{"rendered":"https:\/\/zjarr.tv\/?p=264821"},"modified":"2022-06-16T18:50:32","modified_gmt":"2022-06-16T16:50:32","slug":"heqja-e-vizave-per-kosoven-franca-e-konfirmon-publikon-daten-kur-do-te-mbahen-diskutimet","status":"publish","type":"post","link":"https:\/\/zjarr.tv\/en\/heqja-e-vizave-per-kosoven-franca-e-konfirmon-publikon-daten-kur-do-te-mbahen-diskutimet\/","title":{"rendered":"Heqja e vizave p\u00ebr Kosov\u00ebn, Franca e KONFIRMON, publikon dat\u00ebn kur do t\u00eb mbahen diskutimet"},"content":{"rendered":"<p>Ministria e Jashtme e Franc\u00ebs ka b\u00ebr\u00eb me dije se \u00e7\u00ebshtja e liberalizimit t\u00eb vizave p\u00ebr Kosov\u00ebn do t\u00eb diskutohet n\u00eb takimin mes Bashkimit Europian dhe Ballkanit Per\u00ebndimor, i cili do t\u00eb mbahet m\u00eb 23 qershor n\u00eb Bruksel.<\/p>\n<p>MPJ e Franc\u00ebs n\u00eb faqen zyrtare t\u00eb saj ka publikuar nj\u00eb pyetje, n\u00eb t\u00eb cil\u00ebn thuhet se Kosova e b\u00ebn me faj Franc\u00ebn se po e ngadal\u00ebson k\u00ebt\u00eb proces, si dhe \u00ebsht\u00eb dh\u00ebn\u00eb p\u00ebrgjigjja p\u00ebr k\u00ebt\u00eb.<\/p>\n<p>\u201cPavar\u00ebsisht rekomandimeve t\u00eb Komisionit Europian, kosovar\u00ebt nuk kan\u00eb viza Shengen. Sipas Prishtin\u00ebs, Franca \u00ebsht\u00eb nj\u00eb nga vendet q\u00eb po e ngadal\u00ebson k\u00ebt\u00eb proces. Pse \u00ebsht\u00eb k\u00ebshtu?<\/p>\n<p>A do t\u00eb trajtohet kjo tem\u00eb n\u00eb Samitin BE-Ballkani Per\u00ebndimor?\u201d, \u00ebsht\u00eb pyetja e publikuar n\u00eb faqen e MPJ\u2019s\u00eb e shk\u00ebputur nga konferenca p\u00ebr media.<\/p>","protected":false},"excerpt":{"rendered":"<p>Ministria e Jashtme e Franc\u00ebs ka b\u00ebr\u00eb me dije se \u00e7\u00ebshtja e liberalizimit t\u00eb vizave p\u00ebr Kosov\u00ebn do t\u00eb diskutohet n\u00eb takimin mes Bashkimit Europian dhe Ballkanit Per\u00ebndimor, i cili do t\u00eb mbahet m\u00eb 23 qershor n\u00eb Bruksel. MPJ e Franc\u00ebs n\u00eb faqen zyrtare t\u00eb saj ka publikuar nj\u00eb pyetje, n\u00eb t\u00eb cil\u00ebn thuhet se [&hellip;]<\/p>\n","protected":false},"author":2030,"featured_media":264822,"comment_status":"closed","ping_status":"closed","sticky":false,"template":"","format":"standard","meta":{"footnotes":""},"categories":[241,5380,231],"tags":[],"class_list":{"0":"post-264821","1":"post","2":"type-post","3":"status-publish","4":"format-standard","5":"has-post-thumbnail","7":"category-aktualitet","8":"category-kryesore","9":"category-lajme"},"_links":{"self":[{"href":"https:\/\/zjarr.tv\/en\/wp-json\/wp\/v2\/posts\/264821","targetHints":{"allow":["GET"]}}],"collection":[{"href":"https:\/\/zjarr.tv\/en\/wp-json\/wp\/v2\/posts"}],"about":[{"href":"https:\/\/zjarr.tv\/en\/wp-json\/wp\/v2\/types\/post"}],"author":[{"embeddable":true,"href":"https:\/\/zjarr.tv\/en\/wp-json\/wp\/v2\/users\/2030"}],"replies":[{"embeddable":true,"href":"https:\/\/zjarr.tv\/en\/wp-json\/wp\/v2\/comments?post=264821"}],"version-history":[{"count":0,"href":"https:\/\/zjarr.tv\/en\/wp-json\/wp\/v2\/posts\/264821\/revisions"}],"wp:featuredmedia":[{"embeddable":true,"href":"https:\/\/zjarr.tv\/en\/wp-json\/wp\/v2\/media\/264822"}],"wp:attachment":[{"href":"https:\/\/zjarr.tv\/en\/wp-json\/wp\/v2\/media?parent=264821"}],"wp:term":[{"taxonomy":"category","embeddable":true,"href":"https:\/\/zjarr.tv\/en\/wp-json\/wp\/v2\/categories?post=264821"},{"taxonomy":"post_tag","embeddable":true,"href":"https:\/\/zjarr.tv\/en\/wp-json\/wp\/v2\/tags?post=264821"}],"curies":[{"name":"wp","href":"https:\/\/api.w.org\/{rel}","templated":true}]}}