{"id":264829,"date":"2022-06-16T18:55:55","date_gmt":"2022-06-16T16:55:55","guid":{"rendered":"https:\/\/zjarr.tv\/?p=264829"},"modified":"2022-06-16T18:55:55","modified_gmt":"2022-06-16T16:55:55","slug":"ish-ministri-bumci-do-ndertojme-nje-front-te-madh-opozitar-per-te-rrezuar-regjimin-e-edi-rames","status":"publish","type":"post","link":"https:\/\/zjarr.tv\/en\/ish-ministri-bumci-do-ndertojme-nje-front-te-madh-opozitar-per-te-rrezuar-regjimin-e-edi-rames\/","title":{"rendered":"Ish-ministri Bum\u00e7i: Do nd\u00ebrtojm\u00eb nj\u00eb front t\u00eb madh opozitar, p\u00ebr t\u00eb rr\u00ebzuar regjimin e Edi Ram\u00ebs"},"content":{"rendered":"<p>Ish-ministri i qeveris\u00eb Berisha, Aldo Bum\u00e7i thot\u00eb se demokrat\u00ebt do t\u00eb ngren\u00eb nj\u00eb front t\u00eb madh opozitar p\u00ebr t\u00eb rr\u00ebzuar at\u00eb q\u00eb ai e quan regjim t\u00eb Edi Ram\u00ebs. Sipas tij, \u00e7do njeri q\u00eb nuk shikon nevoj\u00ebn p\u00ebr bashkim, \u00ebsht\u00eb aleat i kryeministrit aktual.<\/p>\n<p>\u201cDo nd\u00ebrtojm\u00eb nj\u00eb front t\u00eb madh opozitar. \u00c7do njeri q\u00eb nuk shikon nevoj\u00ebn p\u00ebr bashkim, \u00ebsht\u00eb aleat i Edi Ram\u00ebs. Dy regjimet autoritare t\u00eb fundit jan\u00eb t\u00eb Vu\u00e7i\u00e7 dhe Edi Ram\u00ebs. Ne do t\u00eb krijojm\u00eb nj\u00eb front p\u00ebr ta rr\u00ebzuar k\u00ebt\u00eb regjim q\u00eb ka cenuar \u00e7do t\u00eb drejt\u00eb themelore\u201d, u shpreh Bum\u00e7i.<\/p>\n<p>N\u00eb nj\u00eb intervist\u00eb p\u00ebr RTV Ora, Bum\u00e7i tha se politika e Ram\u00ebs gjat\u00eb 9 viteve ka qen\u00eb t\u00eb mb\u00ebshtes\u00eb Aleksand\u00ebr Vu\u00e7i\u00e7 n\u00eb kurriz t\u00eb Kosov\u00ebs.<\/p>\n<p>\u201cRama n\u00eb marr\u00ebdh\u00ebnie me Serbin\u00eb ka koh\u00eb q\u00eb e ka kaluar cakun por tani ai nuk po mundohet t\u00eb ruaj as fytyr\u00ebn. Politika e Ram\u00ebs gjat\u00eb 9 viteve ka qen\u00eb t\u00eb mb\u00ebshtes\u00eb Aleksand\u00ebr Vu\u00e7i\u00e7 n\u00eb kurriz t\u00eb Kosov\u00ebs. Nd\u00ebrsa njohjet e Kosov\u00ebs kan\u00eb ardhur duke r\u00ebn\u00eb, Rama q\u00ebndron n\u00eb krah t\u00eb tij dhe e prezanton si nj\u00eb lider t\u00eb p\u00ebrgjegjsh\u00ebm\u201d, vijoi ai.<\/p>","protected":false},"excerpt":{"rendered":"<p>Ish-ministri i qeveris\u00eb Berisha, Aldo Bum\u00e7i thot\u00eb se demokrat\u00ebt do t\u00eb ngren\u00eb nj\u00eb front t\u00eb madh opozitar p\u00ebr t\u00eb rr\u00ebzuar at\u00eb q\u00eb ai e quan regjim t\u00eb Edi Ram\u00ebs. Sipas tij, \u00e7do njeri q\u00eb nuk shikon nevoj\u00ebn p\u00ebr bashkim, \u00ebsht\u00eb aleat i kryeministrit aktual. \u201cDo nd\u00ebrtojm\u00eb nj\u00eb front t\u00eb madh opozitar. \u00c7do njeri q\u00eb nuk [&hellip;]<\/p>\n","protected":false},"author":2030,"featured_media":264830,"comment_status":"closed","ping_status":"closed","sticky":false,"template":"","format":"standard","meta":{"footnotes":""},"categories":[241,3366,5380,231,1454],"tags":[],"class_list":{"0":"post-264829","1":"post","2":"type-post","3":"status-publish","4":"format-standard","5":"has-post-thumbnail","7":"category-aktualitet","8":"category-koment","9":"category-kryesore","10":"category-lajme","11":"category-politike"},"_links":{"self":[{"href":"https:\/\/zjarr.tv\/en\/wp-json\/wp\/v2\/posts\/264829","targetHints":{"allow":["GET"]}}],"collection":[{"href":"https:\/\/zjarr.tv\/en\/wp-json\/wp\/v2\/posts"}],"about":[{"href":"https:\/\/zjarr.tv\/en\/wp-json\/wp\/v2\/types\/post"}],"author":[{"embeddable":true,"href":"https:\/\/zjarr.tv\/en\/wp-json\/wp\/v2\/users\/2030"}],"replies":[{"embeddable":true,"href":"https:\/\/zjarr.tv\/en\/wp-json\/wp\/v2\/comments?post=264829"}],"version-history":[{"count":0,"href":"https:\/\/zjarr.tv\/en\/wp-json\/wp\/v2\/posts\/264829\/revisions"}],"wp:featuredmedia":[{"embeddable":true,"href":"https:\/\/zjarr.tv\/en\/wp-json\/wp\/v2\/media\/264830"}],"wp:attachment":[{"href":"https:\/\/zjarr.tv\/en\/wp-json\/wp\/v2\/media?parent=264829"}],"wp:term":[{"taxonomy":"category","embeddable":true,"href":"https:\/\/zjarr.tv\/en\/wp-json\/wp\/v2\/categories?post=264829"},{"taxonomy":"post_tag","embeddable":true,"href":"https:\/\/zjarr.tv\/en\/wp-json\/wp\/v2\/tags?post=264829"}],"curies":[{"name":"wp","href":"https:\/\/api.w.org\/{rel}","templated":true}]}}