{"id":264840,"date":"2022-06-16T19:18:06","date_gmt":"2022-06-16T17:18:06","guid":{"rendered":"https:\/\/zjarr.tv\/?p=264840"},"modified":"2022-06-16T19:18:06","modified_gmt":"2022-06-16T17:18:06","slug":"smban-me-uje-pilafi-per-te-dyten-dite-qytetaret-protestojne-para-kryeministrise","status":"publish","type":"post","link":"https:\/\/zjarr.tv\/en\/smban-me-uje-pilafi-per-te-dyten-dite-qytetaret-protestojne-para-kryeministrise\/","title":{"rendered":"\u201cS\u2019mban m\u00eb uj\u00eb pilafi\u201d p\u00ebr t\u00eb dyt\u00ebn dit\u00eb, qytetar\u00ebt protestojn\u00eb para Kryeministris\u00eb"},"content":{"rendered":"<p>Qytetar\u00ebt e Tiran\u00ebs jan\u00eb ngritur p\u00ebrs\u00ebri sot n\u00eb protest\u00eb, n\u00eb t\u00eb dit\u00ebn dyt\u00eb, p\u00ebr rritjen e \u00e7mimit t\u00eb karburanteve dhe produkteve t\u00eb tjera ushqimore. Edhe dje qytetar\u00ebt kan\u00eb protestuar duke k\u00ebrkuar uljen e \u00e7mimeve.<\/p>\n<p>N\u00ebn thirrjet \u201cs\u2019mban m\u00eb uj\u00eb pilafi\u201d qytetar\u00ebt kan\u00eb marshuar nga Sheshi Sk\u00ebnderbej n\u00eb drejtim t\u00eb Kryeministris\u00eb. Bulevardi kryesor i Tiran\u00ebs \u00ebsht\u00eb bllokuar p\u00ebr makinat, n\u00eb m\u00ebnyr\u00eb q\u00eb protestuesit t\u00eb vazhdojn\u00eb t\u00eb pashqet\u00ebsuar tubimin deri te selia e qeveris\u00eb shqiptare.<\/p>\n<p>Aktivist\u00ebt e Organizat\u00ebs Politike k\u00ebrkojn\u00eb marrjen e masave konkrete p\u00ebr t\u00eb ulur \u00e7mimet. Nd\u00ebrkoh\u00eb, para Kryeministris\u00eb ka dhe prezenc\u00eb t\u00eb uniformave blu t\u00eb Tiran\u00ebs, por deri tani situata \u00ebsht\u00eb e qet\u00eb dhe nuk ka tejkalim nga asnj\u00ebra pal\u00eb.<\/p>","protected":false},"excerpt":{"rendered":"<p>Qytetar\u00ebt e Tiran\u00ebs jan\u00eb ngritur p\u00ebrs\u00ebri sot n\u00eb protest\u00eb, n\u00eb t\u00eb dit\u00ebn dyt\u00eb, p\u00ebr rritjen e \u00e7mimit t\u00eb karburanteve dhe produkteve t\u00eb tjera ushqimore. Edhe dje qytetar\u00ebt kan\u00eb protestuar duke k\u00ebrkuar uljen e \u00e7mimeve. N\u00ebn thirrjet \u201cs\u2019mban m\u00eb uj\u00eb pilafi\u201d qytetar\u00ebt kan\u00eb marshuar nga Sheshi Sk\u00ebnderbej n\u00eb drejtim t\u00eb Kryeministris\u00eb. Bulevardi kryesor i Tiran\u00ebs \u00ebsht\u00eb [&hellip;]<\/p>\n","protected":false},"author":2030,"featured_media":264841,"comment_status":"closed","ping_status":"closed","sticky":false,"template":"","format":"standard","meta":{"footnotes":""},"categories":[241,3366,5380,231],"tags":[],"class_list":{"0":"post-264840","1":"post","2":"type-post","3":"status-publish","4":"format-standard","5":"has-post-thumbnail","7":"category-aktualitet","8":"category-koment","9":"category-kryesore","10":"category-lajme"},"_links":{"self":[{"href":"https:\/\/zjarr.tv\/en\/wp-json\/wp\/v2\/posts\/264840","targetHints":{"allow":["GET"]}}],"collection":[{"href":"https:\/\/zjarr.tv\/en\/wp-json\/wp\/v2\/posts"}],"about":[{"href":"https:\/\/zjarr.tv\/en\/wp-json\/wp\/v2\/types\/post"}],"author":[{"embeddable":true,"href":"https:\/\/zjarr.tv\/en\/wp-json\/wp\/v2\/users\/2030"}],"replies":[{"embeddable":true,"href":"https:\/\/zjarr.tv\/en\/wp-json\/wp\/v2\/comments?post=264840"}],"version-history":[{"count":0,"href":"https:\/\/zjarr.tv\/en\/wp-json\/wp\/v2\/posts\/264840\/revisions"}],"wp:featuredmedia":[{"embeddable":true,"href":"https:\/\/zjarr.tv\/en\/wp-json\/wp\/v2\/media\/264841"}],"wp:attachment":[{"href":"https:\/\/zjarr.tv\/en\/wp-json\/wp\/v2\/media?parent=264840"}],"wp:term":[{"taxonomy":"category","embeddable":true,"href":"https:\/\/zjarr.tv\/en\/wp-json\/wp\/v2\/categories?post=264840"},{"taxonomy":"post_tag","embeddable":true,"href":"https:\/\/zjarr.tv\/en\/wp-json\/wp\/v2\/tags?post=264840"}],"curies":[{"name":"wp","href":"https:\/\/api.w.org\/{rel}","templated":true}]}}