{"id":264848,"date":"2022-06-16T19:42:32","date_gmt":"2022-06-16T17:42:32","guid":{"rendered":"https:\/\/zjarr.tv\/?p=264848"},"modified":"2022-06-16T19:42:32","modified_gmt":"2022-06-16T17:42:32","slug":"pd-shihet-si-klubi-i-miqve-te-berishes-kadilli-i-ben-thirrje-paleve-nese-nuk-beni-opoziten-qe-kerkojne-shqiptaret-hapni-rrugen-largohuni","status":"publish","type":"post","link":"https:\/\/zjarr.tv\/en\/pd-shihet-si-klubi-i-miqve-te-berishes-kadilli-i-ben-thirrje-paleve-nese-nuk-beni-opoziten-qe-kerkojne-shqiptaret-hapni-rrugen-largohuni\/","title":{"rendered":"\u201cPD shihet si klubi i miqve t\u00eb Berish\u00ebs\u201d, Kadilli i b\u00ebn thirrje pal\u00ebve: N\u00ebse nuk b\u00ebni opozit\u00ebn q\u00eb k\u00ebrkojn\u00eb shqiptar\u00ebt, hapni rrug\u00ebn, largohuni"},"content":{"rendered":"<p>An\u00ebtari i K\u00ebshillit Komb\u00ebtar t\u00eb PD-s\u00eb, Fatbardh Kadilli ka folur dit\u00ebn e sotme n\u00eb nj\u00eb emision televiziv p\u00ebr situat\u00ebn n\u00eb Partin\u00eb Demokratike.<\/p>\n<p>Kadilli tha se Sali Berisha e sheh partin\u00eb si nj\u00eb projekt t\u00eb tij individual dhe duke qen\u00eb se \u00ebsht\u00eb \u2018non grata\u2019 nuk mund t\u00eb sjell\u00eb nj\u00eb projekt n\u00eb sh\u00ebrbim t\u00eb demokrat\u00ebve dhe qytetar\u00ebve shqiptar\u00eb. Sa i p\u00ebrket grupit t\u00eb Alibeajt, Kadilli shprehet se po b\u00ebjn\u00eb nj\u00eb politik\u00eb burokratike n\u00eb parlament.<\/p>\n<p>\u201cBerisha ka projekt individual dhe e sheh partin\u00eb si nj\u00eb vazhdim t\u00eb t\u00eb projektit t\u00eb tij individual. Partia shihet si klubi i miqve t\u00eb Berish\u00ebs, partia nuk mund t\u00eb jet\u00eb e till\u00eb. As dashamir\u00ebs t\u00eb projektit t\u00eb Berish\u00ebs dhe pas situat\u00ebs s\u00eb izolimit t\u00eb tij \u00ebsht\u00eb e pamundur q\u00eb ky t\u00eb kthehet n\u00eb nj\u00eb projekt q\u00eb kap\u00ebrcen vetveten.<\/p>\n<p>Grupi i deputet\u00ebve rezistent b\u00ebn nj\u00eb politik\u00eb burokratike n\u00eb parlament. P\u00ebrball\u00eb nj\u00eb politike t\u00eb vjet\u00ebr t\u00eb Berish\u00ebs dhe p\u00ebrball\u00eb nj\u00eb jo politike pjesa tjet\u00ebr, demokrat\u00ebt zgjedhin at\u00eb politik\u00ebn q\u00eb jan\u00eb m\u00ebsuar p\u00ebrher\u00eb. T\u00eb jesh alternativ\u00eb duhet t\u00eb propozosh di\u00e7ka t\u00eb re\u201d, tha Kadilli.<\/p>\n<p>Sipas Kadillit, asnj\u00eb nga dy grupet e Partis\u00eb Demokratike nuk po b\u00ebn opozit\u00ebn q\u00eb k\u00ebrkojn\u00eb qytetar\u00ebt shqiptar\u00eb.\u00a0 Ai u ndal n\u00eb Komisionin Hetimor p\u00ebr Investimet Strategjike, ku deputetja Ina Zhupa t\u00ebrhoqi firm\u00ebn nga k\u00ebrkesa pasi u bashkua me grupin e Berish\u00ebs. Sipas Kdaillit, kjo tregon se nuk po b\u00ebjn\u00eb opozit\u00eb t\u00eb v\u00ebrtet\u00eb.<\/p>\n<p>\u201cKomisioni p\u00ebr Investimet strategjike, pati deputet q\u00eb e firmos\u00ebn dhe u t\u00ebrhoq\u00ebn se i p\u00ebrkisnin Berish\u00ebs. N\u00ebse \u00ebsht\u00eb p\u00ebr demaskuar qeverin\u00eb p\u00ebrse duhet t\u00eb hiqte dor\u00eb. Pra n\u00ebse se b\u00ebn Berisha nuk duhet ta quajm\u00eb opozit\u00eb. N\u00ebse Berisha operon n\u00eb terren, pala tjet\u00ebr duhet ta quaj\u00eb se nuk ekziston. T\u00eb dyja pal\u00ebt nuk arrijn\u00eb t\u00eb ken\u00eb efekt mbi demokrat\u00ebt masivisht, an\u00ebtar\u00ebsin\u00eb e gjer\u00eb\u201d, vijo<\/p>\n<p>Sipas Kadillit, pal\u00ebt duhet t\u00eb t\u00ebrhiqen, n\u00ebse nuk mund t\u00eb b\u00ebjn\u00eb opozit\u00eb.<\/p>\n<p>\u201cAjo q\u00eb nuk po b\u00ebhet \u00ebsht\u00eb partia qoft\u00eb n\u00eb nj\u00ebrin grup apo tjet\u00ebr nuk harron t\u00eb prodhoj\u00eb opozit\u00ebn. N\u00ebse nuk e b\u00ebjn\u00eb hapni rrug\u00ebn largohuni\u201d, p\u00ebrfundoi Kadilli.<\/p>","protected":false},"excerpt":{"rendered":"<p>An\u00ebtari i K\u00ebshillit Komb\u00ebtar t\u00eb PD-s\u00eb, Fatbardh Kadilli ka folur dit\u00ebn e sotme n\u00eb nj\u00eb emision televiziv p\u00ebr situat\u00ebn n\u00eb Partin\u00eb Demokratike. Kadilli tha se Sali Berisha e sheh partin\u00eb si nj\u00eb projekt t\u00eb tij individual dhe duke qen\u00eb se \u00ebsht\u00eb \u2018non grata\u2019 nuk mund t\u00eb sjell\u00eb nj\u00eb projekt n\u00eb sh\u00ebrbim t\u00eb demokrat\u00ebve dhe qytetar\u00ebve [&hellip;]<\/p>\n","protected":false},"author":2030,"featured_media":264849,"comment_status":"closed","ping_status":"closed","sticky":false,"template":"","format":"standard","meta":{"footnotes":""},"categories":[241,3366,5380,231,1454],"tags":[],"class_list":{"0":"post-264848","1":"post","2":"type-post","3":"status-publish","4":"format-standard","5":"has-post-thumbnail","7":"category-aktualitet","8":"category-koment","9":"category-kryesore","10":"category-lajme","11":"category-politike"},"_links":{"self":[{"href":"https:\/\/zjarr.tv\/en\/wp-json\/wp\/v2\/posts\/264848","targetHints":{"allow":["GET"]}}],"collection":[{"href":"https:\/\/zjarr.tv\/en\/wp-json\/wp\/v2\/posts"}],"about":[{"href":"https:\/\/zjarr.tv\/en\/wp-json\/wp\/v2\/types\/post"}],"author":[{"embeddable":true,"href":"https:\/\/zjarr.tv\/en\/wp-json\/wp\/v2\/users\/2030"}],"replies":[{"embeddable":true,"href":"https:\/\/zjarr.tv\/en\/wp-json\/wp\/v2\/comments?post=264848"}],"version-history":[{"count":0,"href":"https:\/\/zjarr.tv\/en\/wp-json\/wp\/v2\/posts\/264848\/revisions"}],"wp:featuredmedia":[{"embeddable":true,"href":"https:\/\/zjarr.tv\/en\/wp-json\/wp\/v2\/media\/264849"}],"wp:attachment":[{"href":"https:\/\/zjarr.tv\/en\/wp-json\/wp\/v2\/media?parent=264848"}],"wp:term":[{"taxonomy":"category","embeddable":true,"href":"https:\/\/zjarr.tv\/en\/wp-json\/wp\/v2\/categories?post=264848"},{"taxonomy":"post_tag","embeddable":true,"href":"https:\/\/zjarr.tv\/en\/wp-json\/wp\/v2\/tags?post=264848"}],"curies":[{"name":"wp","href":"https:\/\/api.w.org\/{rel}","templated":true}]}}