{"id":264862,"date":"2022-06-17T00:49:15","date_gmt":"2022-06-16T22:49:15","guid":{"rendered":"https:\/\/zjarr.tv\/?p=264862"},"modified":"2022-06-17T00:49:15","modified_gmt":"2022-06-16T22:49:15","slug":"ka-edhe-politikane-te-akuzuar-braho-flet-pasi-spak-ndaloi-publikimin-e-deshmise-se-dumanit-ata-qe-hetojne-kercenohen-me-jete","status":"publish","type":"post","link":"https:\/\/zjarr.tv\/en\/ka-edhe-politikane-te-akuzuar-braho-flet-pasi-spak-ndaloi-publikimin-e-deshmise-se-dumanit-ata-qe-hetojne-kercenohen-me-jete\/","title":{"rendered":"\u201cKa edhe politikan\u00eb t\u00eb akuzuar\u201d, Braho flet pasi SPAK ndaloi publikimin e d\u00ebshmis\u00eb s\u00eb Dumanit: Ata q\u00eb hetojn\u00eb k\u00ebrc\u00ebnohen me jet\u00eb"},"content":{"rendered":"<p>Ish-deputeti Spartak Braho ka folur p\u00ebr vendimin e SPAK q\u00eb ndaloi publikimin e d\u00ebshmive t\u00eb t\u00eb penduarit t\u00eb drejt\u00ebsis\u00eb Nuredin Dumani. <\/p>\n<p>Braho tha se pragu i SPAK kalohet kkur analizohet dalja e informacionit, teksa m\u00eb tej u shpreh se her\u00eb ka edhe dezinformacione.<\/p>\n<p>Sipas tij prokuror\u00ebt shpeh her\u00eb i hedhin n\u00eb treg k\u00ebto dokumenta p\u00ebr par\u00eb reagimin. <\/p>\n<p>\u201cKjo \u00ebsht\u00eb pjes\u00eb e ligjit procedural penal dhe dispozitave q\u00eb merren me zbulimin p\u00ebr hapjen e sekretit hetimor. Un\u00eb nuk jam dakord me ligjet k\u00ebtu, meraku \u00ebsht\u00eb nxjerrjen e hetimeve t\u00eb Dumanit dhe Enrik Hoxhaj. <\/p>\n<p>K\u00ebtu b\u00ebhet fjal\u00eb p\u00ebr t\u00eb goditur direkt, apo k\u00ebrc\u00ebnime direkte p\u00ebr jet\u00ebn e atyre q\u00eb hetojn\u00eb.<\/p>\n<p> K\u00ebto dihen, por ajo q\u00eb i mungon k\u00ebtij urdhri \u00ebsht\u00eb, ndalohet q\u00eb mediat t\u00eb merren me deklarimin e tyre, nuk ka faj gazetari\u2026Ky urdh\u00ebr nuk ka t\u00eb b\u00ebj\u00eb me gazetar\u00ebt me pun\u00ebn e tyre. I referohet edhe nj\u00eb punonj\u00ebsi t\u00eb sekretaris\u00eb s\u00eb prokuroris\u00eb, apo nj\u00eb polici t\u00eb thjesht\u00eb. <\/p>\n<p>Pragu i SPAK kalohet kur analizohet dalja e informacionit\u2026 K\u00ebtu kemi t\u00eb b\u00ebjm\u00eb edhe me dezinformacione, me djegie t\u00eb s\u2019kubeve t\u00eb k\u00ebsaj veprimtarie kriminale ku jan\u00eb t\u00eb akuzuar dhe mesa di k\u00ebta t\u00eb penduar akuzojn\u00eb direkt dhe indirekt politikan\u00eb dhe persona t\u00eb tjer\u00eb. ka nj\u00eb raport q\u00eb duhet ndjekur dhe zgjidhur, raport i shtypit, me raportin q\u00eb vet\u00eb SPAK duhet t\u00eb rregulloj\u00eb veprimtarin\u00eb e tij, tani ka prokuror\u00eb llafazan\u00eb q\u00eb mburren. Prokuror\u00ebt shpesh i hedhin n\u00eb treg k\u00ebto gj\u00ebra p\u00ebr t\u00eb par\u00eb si do reagohet, n\u00eb ndonj\u00eb rast \u00ebsht\u00eb edhe pjes\u00eb e taktik\u00ebs hetimore, pra ka edhe gj\u00ebra profesionale. \u2026\u201d, tha ai.<\/p>","protected":false},"excerpt":{"rendered":"<p>Ish-deputeti Spartak Braho ka folur p\u00ebr vendimin e SPAK q\u00eb ndaloi publikimin e d\u00ebshmive t\u00eb t\u00eb penduarit t\u00eb drejt\u00ebsis\u00eb Nuredin Dumani. Braho tha se pragu i SPAK kalohet kkur analizohet dalja e informacionit, teksa m\u00eb tej u shpreh se her\u00eb ka edhe dezinformacione. Sipas tij prokuror\u00ebt shpeh her\u00eb i hedhin n\u00eb treg k\u00ebto dokumenta p\u00ebr [&hellip;]<\/p>\n","protected":false},"author":2031,"featured_media":264863,"comment_status":"closed","ping_status":"closed","sticky":false,"template":"","format":"standard","meta":{"footnotes":""},"categories":[241,231,235],"tags":[],"class_list":{"0":"post-264862","1":"post","2":"type-post","3":"status-publish","4":"format-standard","5":"has-post-thumbnail","7":"category-aktualitet","8":"category-lajme","9":"category-vendi"},"_links":{"self":[{"href":"https:\/\/zjarr.tv\/en\/wp-json\/wp\/v2\/posts\/264862","targetHints":{"allow":["GET"]}}],"collection":[{"href":"https:\/\/zjarr.tv\/en\/wp-json\/wp\/v2\/posts"}],"about":[{"href":"https:\/\/zjarr.tv\/en\/wp-json\/wp\/v2\/types\/post"}],"author":[{"embeddable":true,"href":"https:\/\/zjarr.tv\/en\/wp-json\/wp\/v2\/users\/2031"}],"replies":[{"embeddable":true,"href":"https:\/\/zjarr.tv\/en\/wp-json\/wp\/v2\/comments?post=264862"}],"version-history":[{"count":0,"href":"https:\/\/zjarr.tv\/en\/wp-json\/wp\/v2\/posts\/264862\/revisions"}],"wp:featuredmedia":[{"embeddable":true,"href":"https:\/\/zjarr.tv\/en\/wp-json\/wp\/v2\/media\/264863"}],"wp:attachment":[{"href":"https:\/\/zjarr.tv\/en\/wp-json\/wp\/v2\/media?parent=264862"}],"wp:term":[{"taxonomy":"category","embeddable":true,"href":"https:\/\/zjarr.tv\/en\/wp-json\/wp\/v2\/categories?post=264862"},{"taxonomy":"post_tag","embeddable":true,"href":"https:\/\/zjarr.tv\/en\/wp-json\/wp\/v2\/tags?post=264862"}],"curies":[{"name":"wp","href":"https:\/\/api.w.org\/{rel}","templated":true}]}}