{"id":264869,"date":"2022-06-17T07:10:51","date_gmt":"2022-06-17T05:10:51","guid":{"rendered":"https:\/\/zjarr.tv\/?p=264869"},"modified":"2022-06-17T07:10:51","modified_gmt":"2022-06-17T05:10:51","slug":"lufte-e-stermadhe-e-qeverise-ndaj-korrupsionit-shkullaku-yuri-kim-mos-i-merr-shqiptaret-per-budallenj-sic-ben-edi-rama","status":"publish","type":"post","link":"https:\/\/zjarr.tv\/en\/lufte-e-stermadhe-e-qeverise-ndaj-korrupsionit-shkullaku-yuri-kim-mos-i-merr-shqiptaret-per-budallenj-sic-ben-edi-rama\/","title":{"rendered":"&#8220;Luft\u00eb e st\u00ebrmadhe e qeveris\u00eb ndaj korrupsionit!&#8221;\/ Shkullaku: Yuri Kim, mos i merr shqiptar\u00ebt p\u00ebr budallenj, si\u00e7 b\u00ebn Edi Rama!"},"content":{"rendered":"<p>Armand Shkullaku ka folur p\u00ebr konferenc\u00ebn e organizuar nga qeveria p\u00ebr luft\u00ebn kund\u00ebr korrupsionit, ku ishte e pranishme edhe ambasadorja Yuri Kim dhe deklaroi se &#8220;qeveria \u00ebsht\u00eb e p\u00ebrkushtuar p\u00ebr luft\u00ebn ndaj korrupsionit&#8221;. <\/p>\n<p>Shkullaku e cil\u00ebsoi konferen\u00ebn nj\u00eb &#8220;show propagandistik&#8221; dhe i b\u00ebri thirrje Kim t\u00eb ket\u00eb pak respekt p\u00ebr audienc\u00ebn shqiptare, ndryshe nga Rama, q\u00eb &#8220;i merr shqiptar\u00ebt p\u00ebr budallenj&#8221;. <\/p>\n<p>&#8220;Ky \u00ebsht\u00eb nj\u00eb show, q\u00eb e shohim p\u00ebr her\u00eb t\u00eb par\u00eb. \u00cbsht\u00eb show propagandistik. Ka p\u00ebr q\u00ebllim, q\u00eb fytyrat m\u00eb t\u00eb err\u00ebta t\u00eb korrupsionit n\u00eb Shqip\u00ebri, ti paraq\u00ebs\u00eb sikur po luftojn\u00eb korrupsionin. Asnj\u00eb nuk e ha k\u00ebt\u00eb. K\u00ebt\u00eb e di edhe ambasadorja amerikane.<\/p>\n<p>Ajo e di q\u00eb gjysma e asaj salle kan\u00eb pasuri q\u00eb nuk i justifikojn\u00eb dot. Edi Rama nuk justifikon dot sht\u00ebpin\u00eb dhe veshjet e tij, q\u00eb i b\u00ebn me rrobaqep\u00ebs nga Italia. Shumica kan\u00eb sht\u00ebpi, pasuri, vila, makina, q\u00eb nuk jan\u00eb t\u00eb justifikueshme p\u00ebr t\u00eb ardhurat q\u00eb kan\u00eb . Ambasadorja e di mir\u00eb k\u00ebt\u00eb, duhet ti ket\u00eb par\u00eb edhe vet\u00eb, ka edhe raporte.<\/p>\n<p>Kjo \u00ebsht\u00eb e ngjashme me shfaqjen qesharake, q\u00eb at\u00ebher\u00eb na revoltonte por tani na b\u00ebn p\u00ebr t\u00eb qeshur, n\u00eb vitin 2015, n\u00eb nj\u00eb konferenc\u00eb p\u00ebr policin\u00eb me titull \u201cLufta kund\u00ebr drog\u00ebs nj\u00eb histori suksesi\u201d. Foli Tahiri, Rama, Donald Lu&#8230;<\/p>\n<p>Ambasadorja nuk \u00ebsht\u00eb lodhur as t\u00eb mendoj\u00eb fjal\u00eb t\u00eb ndryshme. &#8220;Luft\u00eb e st\u00ebrmadhe:, tha Lu-ja, k\u00ebshtu tha dhe Kim. Por pasi foli Lu-ja, na doli gjith\u00eb Shqip\u00ebria e mbjell\u00eb me drog\u00eb, ministri i implikuar.<\/p>\n<p>A ka shqiptar q\u00eb nuk e di kush q\u00ebndron pas koncesioneve, incenerator\u00ebve, etj? Nuk e di ambasadorja? N\u00ebse kjo \u00ebsht\u00eb p\u00ebrpjekje e st\u00ebrmadhe p\u00ebr t\u00eb luftuar korrupsionin, duke b\u00ebr\u00eb sa m\u00eb shum\u00eb korrupsion\u2026<\/p>\n<p>E vetmja gj\u00eb q\u00eb i k\u00ebrkoj ambasadores, t\u00eb tregoj\u00eb m\u00eb shum\u00eb respekt p\u00ebr audienc\u00ebn shqiptare. N\u00ebse Rama i trajton si budallenj, ambasadorja t\u00eb pakt\u00ebn mos ti marr\u00eb shqiptar\u00ebt p\u00ebr budallenj. Ajo \u00ebsht\u00eb mu n\u00eb mes t\u00eb atyre\u2026&#8221;, deklaroi Shkullaku.<\/p>","protected":false},"excerpt":{"rendered":"<p>Armand Shkullaku ka folur p\u00ebr konferenc\u00ebn e organizuar nga qeveria p\u00ebr luft\u00ebn kund\u00ebr korrupsionit, ku ishte e pranishme edhe ambasadorja Yuri Kim dhe deklaroi se &#8220;qeveria \u00ebsht\u00eb e p\u00ebrkushtuar p\u00ebr luft\u00ebn ndaj korrupsionit&#8221;. Shkullaku e cil\u00ebsoi konferen\u00ebn nj\u00eb &#8220;show propagandistik&#8221; dhe i b\u00ebri thirrje Kim t\u00eb ket\u00eb pak respekt p\u00ebr audienc\u00ebn shqiptare, ndryshe nga Rama, [&hellip;]<\/p>\n","protected":false},"author":2031,"featured_media":264870,"comment_status":"closed","ping_status":"closed","sticky":false,"template":"","format":"standard","meta":{"footnotes":""},"categories":[241,364,231,235],"tags":[],"class_list":{"0":"post-264869","1":"post","2":"type-post","3":"status-publish","4":"format-standard","5":"has-post-thumbnail","7":"category-aktualitet","8":"category-koment-opinion","9":"category-lajme","10":"category-vendi"},"_links":{"self":[{"href":"https:\/\/zjarr.tv\/en\/wp-json\/wp\/v2\/posts\/264869","targetHints":{"allow":["GET"]}}],"collection":[{"href":"https:\/\/zjarr.tv\/en\/wp-json\/wp\/v2\/posts"}],"about":[{"href":"https:\/\/zjarr.tv\/en\/wp-json\/wp\/v2\/types\/post"}],"author":[{"embeddable":true,"href":"https:\/\/zjarr.tv\/en\/wp-json\/wp\/v2\/users\/2031"}],"replies":[{"embeddable":true,"href":"https:\/\/zjarr.tv\/en\/wp-json\/wp\/v2\/comments?post=264869"}],"version-history":[{"count":0,"href":"https:\/\/zjarr.tv\/en\/wp-json\/wp\/v2\/posts\/264869\/revisions"}],"wp:featuredmedia":[{"embeddable":true,"href":"https:\/\/zjarr.tv\/en\/wp-json\/wp\/v2\/media\/264870"}],"wp:attachment":[{"href":"https:\/\/zjarr.tv\/en\/wp-json\/wp\/v2\/media?parent=264869"}],"wp:term":[{"taxonomy":"category","embeddable":true,"href":"https:\/\/zjarr.tv\/en\/wp-json\/wp\/v2\/categories?post=264869"},{"taxonomy":"post_tag","embeddable":true,"href":"https:\/\/zjarr.tv\/en\/wp-json\/wp\/v2\/tags?post=264869"}],"curies":[{"name":"wp","href":"https:\/\/api.w.org\/{rel}","templated":true}]}}