{"id":264891,"date":"2022-06-17T11:46:38","date_gmt":"2022-06-17T09:46:38","guid":{"rendered":"https:\/\/zjarr.tv\/?p=264891"},"modified":"2022-06-17T11:46:38","modified_gmt":"2022-06-17T09:46:38","slug":"cuci-disa-bashki-kane-thelluar-borxhin-jane-ne-prag-falimentimi","status":"publish","type":"post","link":"https:\/\/zjarr.tv\/en\/cuci-disa-bashki-kane-thelluar-borxhin-jane-ne-prag-falimentimi\/","title":{"rendered":"\u00c7u\u00e7i: Disa bashki kan\u00eb thelluar borxhin, jan\u00eb n\u00eb prag falimentimi"},"content":{"rendered":"<p>Ministri i Brendsh\u00ebm Bledi \u00c7u\u00e7i ka deklaruar se sa i p\u00ebrket menaxhimit ka ndryshime t\u00eb m\u00ebdha nga bashkia n\u00eb bashki.<\/p>\n<p>Gjat\u00eb fjal\u00ebs s\u00eb tij n\u00eb konferenc\u00ebn e p\u00ebrbashk\u00ebt me kryemiinistrin Edi Rama n\u00eb Pallatin e Kongreseve ku jan\u00eb mbledhur sot kryetar\u00ebt e bashkive, \u00c7u\u00e7i tha se ka bashki t\u00eb cilat kan\u00eb arritur ta zerojn\u00eb borxhin e trash\u00ebguar nga pala tjet\u00ebr por disa t\u00eb tjera jan\u00eb n\u00eb prag t\u00eb falimentimit.<\/p>\n<p>Ai k\u00ebrkoi nga k\u00ebto t\u00eb fundit m\u00eb shum\u00eb p\u00ebrgjegjshm\u00ebri pasi tha se nuk \u00ebsht\u00eb mision i pamundur duke pasur parasysh shembullin e atyre q\u00eb kan\u00eb performanc\u00eb m\u00eb t\u00eb mir\u00eb.<\/p>\n<p>\u201cKemi krijuar modele t\u00eb suksesshme t\u00eb funksionimit t\u00eb bashkive. Sot bashkit\u00eb mbledhin m\u00eb shum\u00eb t\u00eb ardhura nga taksat vendore dhe kan\u00eb m\u00eb shum\u00eb transferta nga qeveria dhe rritje t\u00eb transfert\u00ebs s\u00eb pakusht\u00ebzuar nga buxheti i shtetit.<\/p>\n<p> Transferta \u00ebsht\u00eb rritur n\u00eb m\u00ebnyr\u00eb progresive pas miratimit t\u00eb ligjit t\u00eb financave vendore. N\u00eb vitin 2021 transferta ka shkuar 18 miliard\u00eb lek\u00eb. \u00cbsht\u00eb rritur me 124% shuma q\u00eb kan\u00eb grumbulluar bashkit\u00eb nga t\u00eb ardhurat e veta krahasuar me vitin 2015.<\/p>\n<p> Por decentralizimi \u00ebsht\u00eb nj\u00eb proces me dy kahe. K\u00ebrkohet nd\u00ebrgjegj\u00ebsim dhe p\u00ebrgjegjshm\u00ebri n\u00eb rritje. K\u00ebtu realitetet jan\u00eb krejt\u00ebsisht t\u00eb ndryshme. Sot kam k\u00ebnaq\u00ebsin\u00eb t\u00eb shpreh vullnetin e qeveris\u00eb p\u00ebr t\u00eb vazhduar reform\u00ebn e decentralizimit. <\/p>\n<p>Por ky nuk \u00ebsht\u00eb q\u00ebllim por m\u00ebnyr\u00eb partneriteti q\u00eb ka p\u00ebr q\u00ebllim final sh\u00ebrbime m\u00eb t\u00eb mira ndaj qytetar\u00ebve.<\/p>\n<p>Kemi realitete t\u00eb ndryshme nga bashkia n\u00eb bashki, Mund t\u00eb marr rastin e borxheve q\u00eb kan\u00eb trash\u00ebguar dhe p\u00ebr fat t\u00eb keq disa bashki vazhdojn\u00eb dhe e thellojn\u00eb. Kemi modele bashkish q\u00eb kan\u00eb arritur ta zerojn\u00eb borxhin dhe kemi bashki q\u00eb jan\u00eb n\u00eb prag t\u00eb falimentimit\u201d, u shpreh ministri.<\/p>","protected":false},"excerpt":{"rendered":"<p>Ministri i Brendsh\u00ebm Bledi \u00c7u\u00e7i ka deklaruar se sa i p\u00ebrket menaxhimit ka ndryshime t\u00eb m\u00ebdha nga bashkia n\u00eb bashki. Gjat\u00eb fjal\u00ebs s\u00eb tij n\u00eb konferenc\u00ebn e p\u00ebrbashk\u00ebt me kryemiinistrin Edi Rama n\u00eb Pallatin e Kongreseve ku jan\u00eb mbledhur sot kryetar\u00ebt e bashkive, \u00c7u\u00e7i tha se ka bashki t\u00eb cilat kan\u00eb arritur ta zerojn\u00eb borxhin [&hellip;]<\/p>\n","protected":false},"author":2031,"featured_media":187139,"comment_status":"closed","ping_status":"closed","sticky":false,"template":"","format":"standard","meta":{"footnotes":""},"categories":[241,231,235],"tags":[],"class_list":{"0":"post-264891","1":"post","2":"type-post","3":"status-publish","4":"format-standard","5":"has-post-thumbnail","7":"category-aktualitet","8":"category-lajme","9":"category-vendi"},"_links":{"self":[{"href":"https:\/\/zjarr.tv\/en\/wp-json\/wp\/v2\/posts\/264891","targetHints":{"allow":["GET"]}}],"collection":[{"href":"https:\/\/zjarr.tv\/en\/wp-json\/wp\/v2\/posts"}],"about":[{"href":"https:\/\/zjarr.tv\/en\/wp-json\/wp\/v2\/types\/post"}],"author":[{"embeddable":true,"href":"https:\/\/zjarr.tv\/en\/wp-json\/wp\/v2\/users\/2031"}],"replies":[{"embeddable":true,"href":"https:\/\/zjarr.tv\/en\/wp-json\/wp\/v2\/comments?post=264891"}],"version-history":[{"count":0,"href":"https:\/\/zjarr.tv\/en\/wp-json\/wp\/v2\/posts\/264891\/revisions"}],"wp:featuredmedia":[{"embeddable":true,"href":"https:\/\/zjarr.tv\/en\/wp-json\/wp\/v2\/media\/187139"}],"wp:attachment":[{"href":"https:\/\/zjarr.tv\/en\/wp-json\/wp\/v2\/media?parent=264891"}],"wp:term":[{"taxonomy":"category","embeddable":true,"href":"https:\/\/zjarr.tv\/en\/wp-json\/wp\/v2\/categories?post=264891"},{"taxonomy":"post_tag","embeddable":true,"href":"https:\/\/zjarr.tv\/en\/wp-json\/wp\/v2\/tags?post=264891"}],"curies":[{"name":"wp","href":"https:\/\/api.w.org\/{rel}","templated":true}]}}