{"id":264900,"date":"2022-06-17T12:29:21","date_gmt":"2022-06-17T10:29:21","guid":{"rendered":"https:\/\/zjarr.tv\/?p=264900"},"modified":"2022-06-17T12:29:21","modified_gmt":"2022-06-17T10:29:21","slug":"komisioni-per-reformen-zgjedhore-bylykbashi-thirrje-per-bashkepunim-rregullat-e-njeanshme-do-na-kthejne-20-vite-pas","status":"publish","type":"post","link":"https:\/\/zjarr.tv\/en\/komisioni-per-reformen-zgjedhore-bylykbashi-thirrje-per-bashkepunim-rregullat-e-njeanshme-do-na-kthejne-20-vite-pas\/","title":{"rendered":"Komisioni p\u00ebr reform\u00ebn zgjedhore\/ Bylykbashi thirrje p\u00ebr bashk\u00ebpunim: Rregullat e nj\u00ebanshme do na kthejn\u00eb 20 vite pas"},"content":{"rendered":"<p>Deputeti i PD-s\u00eb Oerd Bylykbashi, duke folur n\u00eb mbledhjen e Komisionit t\u00eb Posa\u00e7\u00ebm Parlamentar p\u00ebr Reform\u00ebn Zgjedhore, i ka b\u00ebr\u00eb apel mazhoranc\u00ebs q\u00eb t\u00eb ket\u00eb bashk\u00ebpunoj\u00eb me opozit\u00ebn p\u00ebr t\u00eb v\u00ebn\u00eb rregulla loje p\u00ebr zgjedh\u00ebsit.<\/p>\n<p>Bylykbashi ka theksuar se p\u00ebr shum\u00eb arsye, kjo reform\u00eb s\u2019duhet t\u00eb jet\u00eb nj\u00eb pazar as i paravendosur as i vendosur gjat\u00eb pun\u00ebs s\u00eb tij dhe se rregullat e loj\u00ebs nuk nd\u00ebrrohen n\u00eb m\u00ebnyr\u00eb t\u00eb nj\u00ebanshme.<\/p>\n<p>Sipas Bylykbashit, n\u00ebse kjo reform\u00eb do sh\u00ebrbej\u00eb p\u00ebr t\u00eb krijuar kriz\u00eb politike m\u00eb mir\u00eb mos nis\u00eb se do t\u00eb jet\u00eb themeli i nj\u00eb krize q\u00eb do na \u00e7oj\u00eb mbrapsht 20 vite t\u00eb shkuara.<\/p>\n<p>Bylykbashi: Nuk duhet t\u00eb jet\u00eb si fundi i vitit 2020 i asaj reforme ku nj\u00eb pazar, jo thjesht ndryshoi Kodin Zgjedhor, por shkat\u00ebrroi nj\u00eb sistem zgjedhor. Rregullat e loj\u00ebs nuk nd\u00ebrrohen n\u00eb m\u00ebnyr\u00eb t\u00eb nj\u00ebanshme.<\/p>\n<p>Ne sot duhet t\u00eb punojm\u00eb bashk\u00eb p\u00ebr t\u00eb v\u00ebn\u00eb rregulla loje p\u00ebr zgjedh\u00ebsit jo p\u00ebr ne 19 vetat q\u00eb jemi n\u00eb komisino apo 140 veta q\u00eb dp votojn\u00eb.<\/p>\n<p>N\u00ebse kjo reform\u00eb do sh\u00ebrbej\u00eb p\u00ebr t\u00eb krijuar kriz\u00eb politike m\u00eb mir\u00eb mos nis\u00eb se do t\u00eb jet\u00eb themeli i nj\u00eb krize q\u00eb do na \u00e7oj\u00eb mbrapsht 20 vite t\u00eb shkuara.<\/p>","protected":false},"excerpt":{"rendered":"<p>Deputeti i PD-s\u00eb Oerd Bylykbashi, duke folur n\u00eb mbledhjen e Komisionit t\u00eb Posa\u00e7\u00ebm Parlamentar p\u00ebr Reform\u00ebn Zgjedhore, i ka b\u00ebr\u00eb apel mazhoranc\u00ebs q\u00eb t\u00eb ket\u00eb bashk\u00ebpunoj\u00eb me opozit\u00ebn p\u00ebr t\u00eb v\u00ebn\u00eb rregulla loje p\u00ebr zgjedh\u00ebsit. Bylykbashi ka theksuar se p\u00ebr shum\u00eb arsye, kjo reform\u00eb s\u2019duhet t\u00eb jet\u00eb nj\u00eb pazar as i paravendosur as i vendosur [&hellip;]<\/p>\n","protected":false},"author":2020,"featured_media":264901,"comment_status":"closed","ping_status":"closed","sticky":false,"template":"","format":"standard","meta":{"footnotes":""},"categories":[241,5380,231],"tags":[],"class_list":{"0":"post-264900","1":"post","2":"type-post","3":"status-publish","4":"format-standard","5":"has-post-thumbnail","7":"category-aktualitet","8":"category-kryesore","9":"category-lajme"},"_links":{"self":[{"href":"https:\/\/zjarr.tv\/en\/wp-json\/wp\/v2\/posts\/264900","targetHints":{"allow":["GET"]}}],"collection":[{"href":"https:\/\/zjarr.tv\/en\/wp-json\/wp\/v2\/posts"}],"about":[{"href":"https:\/\/zjarr.tv\/en\/wp-json\/wp\/v2\/types\/post"}],"author":[{"embeddable":true,"href":"https:\/\/zjarr.tv\/en\/wp-json\/wp\/v2\/users\/2020"}],"replies":[{"embeddable":true,"href":"https:\/\/zjarr.tv\/en\/wp-json\/wp\/v2\/comments?post=264900"}],"version-history":[{"count":0,"href":"https:\/\/zjarr.tv\/en\/wp-json\/wp\/v2\/posts\/264900\/revisions"}],"wp:featuredmedia":[{"embeddable":true,"href":"https:\/\/zjarr.tv\/en\/wp-json\/wp\/v2\/media\/264901"}],"wp:attachment":[{"href":"https:\/\/zjarr.tv\/en\/wp-json\/wp\/v2\/media?parent=264900"}],"wp:term":[{"taxonomy":"category","embeddable":true,"href":"https:\/\/zjarr.tv\/en\/wp-json\/wp\/v2\/categories?post=264900"},{"taxonomy":"post_tag","embeddable":true,"href":"https:\/\/zjarr.tv\/en\/wp-json\/wp\/v2\/tags?post=264900"}],"curies":[{"name":"wp","href":"https:\/\/api.w.org\/{rel}","templated":true}]}}