{"id":264905,"date":"2022-06-17T12:56:37","date_gmt":"2022-06-17T10:56:37","guid":{"rendered":"https:\/\/zjarr.tv\/?p=264905"},"modified":"2022-06-17T12:56:37","modified_gmt":"2022-06-17T10:56:37","slug":"meta-takim-me-presidentin-e-azerbajxhanit-nevoje-jetike-per-fuqizimin-e-metejshem-te-tap-te-zbatohet-shpejt-projekti-i-iap","status":"publish","type":"post","link":"https:\/\/zjarr.tv\/en\/meta-takim-me-presidentin-e-azerbajxhanit-nevoje-jetike-per-fuqizimin-e-metejshem-te-tap-te-zbatohet-shpejt-projekti-i-iap\/","title":{"rendered":"Meta takim me presidentin e Azerbajxhanit: Nevoj\u00eb jetike p\u00ebr fuqizimin e m\u00ebtejsh\u00ebm t\u00eb TAP, t\u00eb zbatohet shpejt projekti i IAP"},"content":{"rendered":"<p>N\u00eb kuad\u00ebr t\u00eb vizit\u00ebs n\u00eb Baku, presidenti Ili Meta \u00ebsht\u00eb pritur n\u00eb nj\u00eb takim nga homologu i tij n\u00eb Azerbajxhan, Ilham Aliyev.<\/p>\n<p>Gjat\u00eb takimit Meta vler\u00ebsoi marr\u00ebdh\u00ebniet e shk\u00eblqyera midis dy vendeve, si dhe potencialin e jasht\u00ebzakonsh\u00ebm q\u00eb ekziston p\u00ebr forcimin e gjithansh\u00ebm t\u00eb tyre n\u00eb fushat me interes reciprok.<\/p>\n<p>M\u00eb tej kreu i shtetit shprehu shprehu mir\u00ebnjohjen e thell\u00eb p\u00ebr mb\u00ebshtetjen e dh\u00ebn\u00eb nga Azerbajxhani, si dhe nga Presidenti Aliyev p\u00ebr nd\u00ebrtimin dhe zbatimin e suksessh\u00ebm t\u00eb gazsjell\u00ebsit TAP.<\/p>\n<p>Gjithashtu Meta theksoi r\u00ebnd\u00ebsin\u00eb e jasht\u00ebzakonshme q\u00eb merr gazsjell\u00ebsi TAP p\u00ebr sigurin\u00eb energjitike t\u00eb Europ\u00ebs, n\u00eb kontekstin e zhvillimeve t\u00eb fundit, si burim alternativ energjie.<\/p>\n<p>N\u00eb k\u00ebt\u00eb kuad\u00ebr, t\u00eb dy president\u00ebt vler\u00ebsuan nevoj\u00ebn jetike t\u00eb fuqizimit t\u00eb m\u00ebtejsh\u00ebm t\u00eb TAP, si dhe t\u00eb zbatimit t\u00eb shpejt\u00eb t\u00eb projektit IAP (Gazsjell\u00ebsi Adriatiko-Jonian), q\u00eb do t\u00eb sillte nj\u00eb impakt m\u00eb t\u00eb madh p\u00ebr zhvillimin e Ballkanit Per\u00ebndimor.<\/p>","protected":false},"excerpt":{"rendered":"<p>N\u00eb kuad\u00ebr t\u00eb vizit\u00ebs n\u00eb Baku, presidenti Ili Meta \u00ebsht\u00eb pritur n\u00eb nj\u00eb takim nga homologu i tij n\u00eb Azerbajxhan, Ilham Aliyev. Gjat\u00eb takimit Meta vler\u00ebsoi marr\u00ebdh\u00ebniet e shk\u00eblqyera midis dy vendeve, si dhe potencialin e jasht\u00ebzakonsh\u00ebm q\u00eb ekziston p\u00ebr forcimin e gjithansh\u00ebm t\u00eb tyre n\u00eb fushat me interes reciprok. M\u00eb tej kreu i shtetit [&hellip;]<\/p>\n","protected":false},"author":2020,"featured_media":264906,"comment_status":"closed","ping_status":"closed","sticky":false,"template":"","format":"standard","meta":{"footnotes":""},"categories":[241,5380,231],"tags":[],"class_list":{"0":"post-264905","1":"post","2":"type-post","3":"status-publish","4":"format-standard","5":"has-post-thumbnail","7":"category-aktualitet","8":"category-kryesore","9":"category-lajme"},"_links":{"self":[{"href":"https:\/\/zjarr.tv\/en\/wp-json\/wp\/v2\/posts\/264905","targetHints":{"allow":["GET"]}}],"collection":[{"href":"https:\/\/zjarr.tv\/en\/wp-json\/wp\/v2\/posts"}],"about":[{"href":"https:\/\/zjarr.tv\/en\/wp-json\/wp\/v2\/types\/post"}],"author":[{"embeddable":true,"href":"https:\/\/zjarr.tv\/en\/wp-json\/wp\/v2\/users\/2020"}],"replies":[{"embeddable":true,"href":"https:\/\/zjarr.tv\/en\/wp-json\/wp\/v2\/comments?post=264905"}],"version-history":[{"count":0,"href":"https:\/\/zjarr.tv\/en\/wp-json\/wp\/v2\/posts\/264905\/revisions"}],"wp:featuredmedia":[{"embeddable":true,"href":"https:\/\/zjarr.tv\/en\/wp-json\/wp\/v2\/media\/264906"}],"wp:attachment":[{"href":"https:\/\/zjarr.tv\/en\/wp-json\/wp\/v2\/media?parent=264905"}],"wp:term":[{"taxonomy":"category","embeddable":true,"href":"https:\/\/zjarr.tv\/en\/wp-json\/wp\/v2\/categories?post=264905"},{"taxonomy":"post_tag","embeddable":true,"href":"https:\/\/zjarr.tv\/en\/wp-json\/wp\/v2\/tags?post=264905"}],"curies":[{"name":"wp","href":"https:\/\/api.w.org\/{rel}","templated":true}]}}