{"id":264911,"date":"2022-06-17T13:19:04","date_gmt":"2022-06-17T11:19:04","guid":{"rendered":"https:\/\/zjarr.tv\/?p=264911"},"modified":"2022-06-17T13:19:04","modified_gmt":"2022-06-17T11:19:04","slug":"3-kerkesa-ne-tavoline-duka-takim-me-ministren-e-arsimit-dhe-sportit-futbolli-ska-pse-perjashtohet-nga-qeveria","status":"publish","type":"post","link":"https:\/\/zjarr.tv\/en\/3-kerkesa-ne-tavoline-duka-takim-me-ministren-e-arsimit-dhe-sportit-futbolli-ska-pse-perjashtohet-nga-qeveria\/","title":{"rendered":"3 k\u00ebrkesa n\u00eb tavolin\u00eb, Duka takim me ministren e Arsimit dhe Sportit: Futbolli s\u2019ka pse p\u00ebrjashtohet nga Qeveria"},"content":{"rendered":"<p>Kreu i Federat\u00ebs Shqiptare t\u00eb Futbollit, Armand Duka ka zhvilluar sot nj\u00eb takim me ministren e Arsimit dhe Sportit, Evis Kushi. Tem\u00eb e diskutimeve ishte financimi p\u00ebr futbollin, nd\u00ebrsa Ligji i Sponsorizimeve, Bastet Sportive dhe futbolli i femrave kan\u00eb qen\u00eb n\u00eb fokus. S\u00eb bashku me Duk\u00ebn n\u00eb takim mor\u00ebn pjes\u00eb edhe president\u00eb nga Superlig\u00eb.<\/p>\n<p>\u201cMundohemi t\u00eb japim alternativat tona p\u00ebr rritjen e futbollit. Ligji i sponsorizimit ka efektet e veta p\u00ebr shtimin e sportist\u00ebve, rritjen e kushteve dhe zhvillimin e futbollit t\u00eb femrave n\u00eb Shqip\u00ebri. K\u00ebrkojm\u00eb mb\u00ebshtetje financiare. Na u premtua nga ministrja se do vazhdojm\u00eb takime p\u00ebr k\u00ebt\u00eb ligj, p\u00ebr t\u2019i propozuar qeveris\u00eb nj\u00eb variant.<\/p>\n<p>Ligji i sponsorizimit, bastet sportive dhe nj\u00eb fond minimal p\u00ebr edukimin e f\u00ebmij\u00ebve, k\u00ebto jan\u00eb temat q\u00eb u zhvilluan sot n\u00eb takim.<\/p>\n<p>Nga buxheti i ministris\u00eb s\u00eb Arsimit dhe Sportit, nuk ka pse p\u00ebrjashtohet FSHF me iden\u00eb se futbolli \u00ebsht\u00eb i pasur. Duhen kushte dhe terrene sportive p\u00ebr moshat. Prej disa koh\u00ebsh kemi projektin \u201cTopi im\u201d, ku japim topa falas p\u00ebr \u00e7do ekip q\u00eb luan futboll. Nga korriku i k\u00ebtij viti do kemi edhe uniforma falas dhe k\u00ebrkojm\u00eb ndihm\u00eb nga minsitria\u201d, tha Duka mes t\u00eb tjerash.<\/p>","protected":false},"excerpt":{"rendered":"<p>Kreu i Federat\u00ebs Shqiptare t\u00eb Futbollit, Armand Duka ka zhvilluar sot nj\u00eb takim me ministren e Arsimit dhe Sportit, Evis Kushi. Tem\u00eb e diskutimeve ishte financimi p\u00ebr futbollin, nd\u00ebrsa Ligji i Sponsorizimeve, Bastet Sportive dhe futbolli i femrave kan\u00eb qen\u00eb n\u00eb fokus. S\u00eb bashku me Duk\u00ebn n\u00eb takim mor\u00ebn pjes\u00eb edhe president\u00eb nga Superlig\u00eb. \u201cMundohemi [&hellip;]<\/p>\n","protected":false},"author":2020,"featured_media":264912,"comment_status":"closed","ping_status":"closed","sticky":false,"template":"","format":"standard","meta":{"footnotes":""},"categories":[241,5380,231],"tags":[],"class_list":{"0":"post-264911","1":"post","2":"type-post","3":"status-publish","4":"format-standard","5":"has-post-thumbnail","7":"category-aktualitet","8":"category-kryesore","9":"category-lajme"},"_links":{"self":[{"href":"https:\/\/zjarr.tv\/en\/wp-json\/wp\/v2\/posts\/264911","targetHints":{"allow":["GET"]}}],"collection":[{"href":"https:\/\/zjarr.tv\/en\/wp-json\/wp\/v2\/posts"}],"about":[{"href":"https:\/\/zjarr.tv\/en\/wp-json\/wp\/v2\/types\/post"}],"author":[{"embeddable":true,"href":"https:\/\/zjarr.tv\/en\/wp-json\/wp\/v2\/users\/2020"}],"replies":[{"embeddable":true,"href":"https:\/\/zjarr.tv\/en\/wp-json\/wp\/v2\/comments?post=264911"}],"version-history":[{"count":0,"href":"https:\/\/zjarr.tv\/en\/wp-json\/wp\/v2\/posts\/264911\/revisions"}],"wp:featuredmedia":[{"embeddable":true,"href":"https:\/\/zjarr.tv\/en\/wp-json\/wp\/v2\/media\/264912"}],"wp:attachment":[{"href":"https:\/\/zjarr.tv\/en\/wp-json\/wp\/v2\/media?parent=264911"}],"wp:term":[{"taxonomy":"category","embeddable":true,"href":"https:\/\/zjarr.tv\/en\/wp-json\/wp\/v2\/categories?post=264911"},{"taxonomy":"post_tag","embeddable":true,"href":"https:\/\/zjarr.tv\/en\/wp-json\/wp\/v2\/tags?post=264911"}],"curies":[{"name":"wp","href":"https:\/\/api.w.org\/{rel}","templated":true}]}}