{"id":264919,"date":"2022-06-17T13:56:07","date_gmt":"2022-06-17T11:56:07","guid":{"rendered":"https:\/\/zjarr.tv\/?p=264919"},"modified":"2022-06-17T13:56:07","modified_gmt":"2022-06-17T11:56:07","slug":"policia-merr-10-makina-spiune-nga-arrsh-ja-per-cfare-do-te-perdoren","status":"publish","type":"post","link":"https:\/\/zjarr.tv\/en\/policia-merr-10-makina-spiune-nga-arrsh-ja-per-cfare-do-te-perdoren\/","title":{"rendered":"Policia merr 10 makina \u201cspiune\u201d nga ARRSH, ja p\u00ebr \u00e7far\u00eb do t\u00eb p\u00ebrdoren"},"content":{"rendered":"<p>Ministrat Belinda Balluku dhe Bledar \u00c7u\u00e7i prezantuan k\u00ebt\u00eb t\u00eb premte 10 automjetet e reja, t\u00eb cilat i dhurohen Policis\u00eb s\u00eb Shtetit nga ARRSH, p\u00ebrmes projektit t\u00eb p\u00ebrbashk\u00ebt me Bank\u00ebn Bot\u00ebrore p\u00ebr sigurin\u00eb rrugore.<\/p>\n<p>Makinat jan\u00eb t\u00eb pajisura me sistem radari p\u00ebr monitorimin dhe nd\u00ebshkimin e drejtuesve t\u00eb automjeteve t\u00eb cil\u00ebt konstatohen n\u00eb shkelje t\u00eb rregullave t\u00eb qarkullimit. Do t\u00eb identifikojn\u00eb shpejt\u00ebsin\u00eb dhe i gjith\u00eb ky informacion shkon menj\u00ebher\u00eb te gjoba. Kan\u00eb radar t\u00eb inkorporuar\u201d, tha \u00c7u\u00e7i.<\/p>\n<p>Ministrja Balluku tha se bashk\u00ebpunimi i t\u00eb gjitha institucioneve, si dhe mjetet e duhura, jan\u00eb nj\u00eb element i r\u00ebnd\u00ebsish\u00ebm p\u00ebr rritjen e parametrave t\u00eb siguris\u00eb rrugore.<\/p>\n<p>N\u00eb k\u00ebt\u00eb pik\u00eb, ministrja e Infrastruktur\u00ebs dhe Energjis\u00eb b\u00ebri t\u00eb ditur se duke nisur nga java e par\u00eb e muajit korrik, dy akse t\u00eb reja rrugore do t\u00eb jen\u00eb t\u00eb hapura p\u00ebr qarkullimin e automjeteve, aksi Kardhiq-Delvin\u00eb dhe bypass-i i Vlor\u00ebs, duke k\u00ebrkuar bashk\u00ebpunimin e Policis\u00eb Rrugore p\u00ebr monitorimin e k\u00ebtyre akseve, duke qen\u00eb rrug\u00eb t\u00eb reja dhe disi t\u00eb panjohura nga drejtuesit e automjeteve.<\/p>\n<p>Ministri \u00c7u\u00e7i duke u ndalur tek statistikat b\u00ebri t\u00eb ditur se pavar\u00ebsisht rritjes s\u00eb ndjeshme t\u00eb numrit t\u00eb automjeteve q\u00eb qarkullojn\u00eb n\u00eb rrug\u00ebt e vendit, numri i aksidenteve me pasoja fatale ka ardhur duke u ulur fal\u00eb edhe masave t\u00eb nd\u00ebrmarra p\u00ebrmes monitorimit dhe nd\u00ebshkimit t\u00eb drejtuesve t\u00eb automjeteve t\u00eb cil\u00ebt shkelin rregullat e qarkullimit rrugor. P\u00ebrmes k\u00ebtyre 10 automjeteve t\u00eb reja, shtoi ministri i Brendsh\u00ebm, do t\u00eb b\u00ebhet e mundur nj\u00eb monitorim akoma edhe m\u00eb efikas i akseve rrugore.<\/p>\n<p>\u201c\u00cbsht\u00eb nj\u00eb hap tjet\u00ebr drejt modernizimit, p\u00ebrdorimit t\u00eb teknologjis\u00eb n\u00eb rritjen e siguris\u00eb rrugore q\u00eb ka qen\u00eb dhe mbetet nj\u00eb nga prioritetet e Qeveris\u00eb son\u00eb. Ne kemi b\u00ebr\u00eb shum\u00eb, mjafton t\u2019ju sjell k\u00ebtu vet\u00ebm disa statistika q\u00eb vijn\u00eb nga aksidentet me pasoj\u00eb vdekjen dhe po marr vet\u00ebm vitin 2018 dhe vitin 2021 duke u krahasuar me veten ton\u00eb, se nuk b\u00ebhet fjal\u00eb p\u00ebr 2013-\u00ebn, nuk diskutohet.<\/p>\n<p>N\u00eb 2018-\u00ebn ne kemi pasur rreth 570 mij\u00eb makina n\u00eb qarkullim dhe kan\u00eb qen\u00eb 213 aksidente me pasoj\u00eb vdekjen. N\u00eb 2021 kemi pasur rreth 740 mij\u00eb makina dhe kemi pasur 197 aksidente me pasoj\u00eb vdekje. Pra indeksi i vdekshm\u00ebris\u00eb ka r\u00ebn\u00eb ndjesh\u00ebm vet\u00ebm n\u00eb k\u00ebto vite. Kjo flot\u00eb pa diskutim q\u00eb do ndikoj\u00eb p\u00ebr ta rritur m\u00eb shum\u00eb sigurin\u00eb rrugore.<\/p>\n<p>Ne vet\u00ebm me nj\u00eb automjet q\u00eb pajis\u00ebm dhe e b\u00ebm\u00eb automjet inteligjent para 10 muajsh kemi pasur rezultate fantastike p\u00ebrsa i takon identifikimit t\u00eb personave q\u00eb shkelin rregullat e qarkullimit rrugor, kryesisht ato q\u00eb lidhen me shpejt\u00ebsin\u00eb dhe i ka gati dyfishuar gjobat p\u00ebr k\u00ebt\u00eb q\u00ebllim\u201d, deklaroi \u00c7u\u00e7i.<\/p>\n<p>Sistemi i radarit i montuar n\u00eb automjetet e reja t\u00eb cilat ju dor\u00ebzuan Policis\u00eb s\u00eb Shtetit b\u00ebjn\u00eb t\u00eb mundur dedektimin e automjeteve me shpejt\u00ebsi t\u00eb lart\u00eb duke dokumentuar shkeljen me foto. Kontrollon automjetin dhe dokumentacionin e drejtuesit duke konsultuar sistemet e t\u00eb dh\u00ebnave t\u00eb policis\u00eb n\u00eb koh\u00eb reale. Lexon t\u00eb gjitha targat e automjeteve dhe i krahason me sistemin qendror t\u00eb targave n\u00ebse k\u00ebto targa jan\u00eb problematike ose kan\u00eb shkelje t\u00eb m\u00ebparshme.<\/p>","protected":false},"excerpt":{"rendered":"<p>Ministrat Belinda Balluku dhe Bledar \u00c7u\u00e7i prezantuan k\u00ebt\u00eb t\u00eb premte 10 automjetet e reja, t\u00eb cilat i dhurohen Policis\u00eb s\u00eb Shtetit nga ARRSH, p\u00ebrmes projektit t\u00eb p\u00ebrbashk\u00ebt me Bank\u00ebn Bot\u00ebrore p\u00ebr sigurin\u00eb rrugore. Makinat jan\u00eb t\u00eb pajisura me sistem radari p\u00ebr monitorimin dhe nd\u00ebshkimin e drejtuesve t\u00eb automjeteve t\u00eb cil\u00ebt konstatohen n\u00eb shkelje t\u00eb rregullave [&hellip;]<\/p>\n","protected":false},"author":2020,"featured_media":264920,"comment_status":"closed","ping_status":"closed","sticky":false,"template":"","format":"standard","meta":{"footnotes":""},"categories":[241,5380,231],"tags":[],"class_list":{"0":"post-264919","1":"post","2":"type-post","3":"status-publish","4":"format-standard","5":"has-post-thumbnail","7":"category-aktualitet","8":"category-kryesore","9":"category-lajme"},"_links":{"self":[{"href":"https:\/\/zjarr.tv\/en\/wp-json\/wp\/v2\/posts\/264919","targetHints":{"allow":["GET"]}}],"collection":[{"href":"https:\/\/zjarr.tv\/en\/wp-json\/wp\/v2\/posts"}],"about":[{"href":"https:\/\/zjarr.tv\/en\/wp-json\/wp\/v2\/types\/post"}],"author":[{"embeddable":true,"href":"https:\/\/zjarr.tv\/en\/wp-json\/wp\/v2\/users\/2020"}],"replies":[{"embeddable":true,"href":"https:\/\/zjarr.tv\/en\/wp-json\/wp\/v2\/comments?post=264919"}],"version-history":[{"count":0,"href":"https:\/\/zjarr.tv\/en\/wp-json\/wp\/v2\/posts\/264919\/revisions"}],"wp:featuredmedia":[{"embeddable":true,"href":"https:\/\/zjarr.tv\/en\/wp-json\/wp\/v2\/media\/264920"}],"wp:attachment":[{"href":"https:\/\/zjarr.tv\/en\/wp-json\/wp\/v2\/media?parent=264919"}],"wp:term":[{"taxonomy":"category","embeddable":true,"href":"https:\/\/zjarr.tv\/en\/wp-json\/wp\/v2\/categories?post=264919"},{"taxonomy":"post_tag","embeddable":true,"href":"https:\/\/zjarr.tv\/en\/wp-json\/wp\/v2\/tags?post=264919"}],"curies":[{"name":"wp","href":"https:\/\/api.w.org\/{rel}","templated":true}]}}