{"id":264922,"date":"2022-06-17T14:04:25","date_gmt":"2022-06-17T12:04:25","guid":{"rendered":"https:\/\/zjarr.tv\/?p=264922"},"modified":"2022-06-17T14:04:25","modified_gmt":"2022-06-17T12:04:25","slug":"caktohet-data-dhe-vendi-zhvillohet-mbledhja-e-perbashket-e-dy-qeverive-shqiperi-kosove","status":"publish","type":"post","link":"https:\/\/zjarr.tv\/en\/caktohet-data-dhe-vendi-zhvillohet-mbledhja-e-perbashket-e-dy-qeverive-shqiperi-kosove\/","title":{"rendered":"Caktohet data dhe vendi, zhvillohet mbledhja e p\u00ebrbashk\u00ebt e dy qeverive Shqip\u00ebri-Kosov\u00eb"},"content":{"rendered":"<p>Dy qeverit\u00eb, ajo e Shqip\u00ebris\u00eb dhe ajo e Kosov\u00ebs, do t\u00eb zhvillojn\u00eb mbledhjen e radh\u00ebs t\u00eb p\u00ebrbashk\u00ebt.<\/p>\n<p>Kryeministri njofton se mbledhja e p\u00ebrbashk\u00ebt e dy qeverive do t\u00eb zhvillohet dit\u00ebn e h\u00ebn\u00eb, m\u00eb 20 qershor, n\u00eb Prishtin\u00eb.<\/p>\n<p>\u201cDit\u00ebn e h\u00ebn\u00eb, dat\u00eb 20 qershor, do t\u00eb zhvillohet mbledhja e p\u00ebrbashk\u00ebt mes dy qeverive Shqip\u00ebri \u2013 Kosov\u00eb (n\u00eb Prishtin\u00eb)\u201d, thuhet n\u00eb njoftimin e Kryeministris\u00eb.<\/p>","protected":false},"excerpt":{"rendered":"<p>Dy qeverit\u00eb, ajo e Shqip\u00ebris\u00eb dhe ajo e Kosov\u00ebs, do t\u00eb zhvillojn\u00eb mbledhjen e radh\u00ebs t\u00eb p\u00ebrbashk\u00ebt. Kryeministri njofton se mbledhja e p\u00ebrbashk\u00ebt e dy qeverive do t\u00eb zhvillohet dit\u00ebn e h\u00ebn\u00eb, m\u00eb 20 qershor, n\u00eb Prishtin\u00eb. \u201cDit\u00ebn e h\u00ebn\u00eb, dat\u00eb 20 qershor, do t\u00eb zhvillohet mbledhja e p\u00ebrbashk\u00ebt mes dy qeverive Shqip\u00ebri \u2013 Kosov\u00eb [&hellip;]<\/p>\n","protected":false},"author":2020,"featured_media":264923,"comment_status":"closed","ping_status":"closed","sticky":false,"template":"","format":"standard","meta":{"footnotes":""},"categories":[241,5380,231],"tags":[],"class_list":{"0":"post-264922","1":"post","2":"type-post","3":"status-publish","4":"format-standard","5":"has-post-thumbnail","7":"category-aktualitet","8":"category-kryesore","9":"category-lajme"},"_links":{"self":[{"href":"https:\/\/zjarr.tv\/en\/wp-json\/wp\/v2\/posts\/264922","targetHints":{"allow":["GET"]}}],"collection":[{"href":"https:\/\/zjarr.tv\/en\/wp-json\/wp\/v2\/posts"}],"about":[{"href":"https:\/\/zjarr.tv\/en\/wp-json\/wp\/v2\/types\/post"}],"author":[{"embeddable":true,"href":"https:\/\/zjarr.tv\/en\/wp-json\/wp\/v2\/users\/2020"}],"replies":[{"embeddable":true,"href":"https:\/\/zjarr.tv\/en\/wp-json\/wp\/v2\/comments?post=264922"}],"version-history":[{"count":0,"href":"https:\/\/zjarr.tv\/en\/wp-json\/wp\/v2\/posts\/264922\/revisions"}],"wp:featuredmedia":[{"embeddable":true,"href":"https:\/\/zjarr.tv\/en\/wp-json\/wp\/v2\/media\/264923"}],"wp:attachment":[{"href":"https:\/\/zjarr.tv\/en\/wp-json\/wp\/v2\/media?parent=264922"}],"wp:term":[{"taxonomy":"category","embeddable":true,"href":"https:\/\/zjarr.tv\/en\/wp-json\/wp\/v2\/categories?post=264922"},{"taxonomy":"post_tag","embeddable":true,"href":"https:\/\/zjarr.tv\/en\/wp-json\/wp\/v2\/tags?post=264922"}],"curies":[{"name":"wp","href":"https:\/\/api.w.org\/{rel}","templated":true}]}}